{"id":917,"date":"2026-05-11T12:41:14","date_gmt":"2026-05-11T12:41:14","guid":{"rendered":"https:\/\/www.mevapp.it\/?p=917"},"modified":"2026-07-01T14:30:32","modified_gmt":"2026-07-01T14:30:32","slug":"veneti-che-hanno-lasciato-un-segno","status":"publish","type":"post","link":"https:\/\/www.mevapp.it\/index.php\/2026\/05\/11\/veneti-che-hanno-lasciato-un-segno\/","title":{"rendered":"Veneti che hanno lasciato un segno"},"content":{"rendered":"\n<h2 class=\"wp-block-heading has-medium-font-size\"><strong>I COSMOPOLITI, FIGLI DI VENEZIA<\/strong><\/h2>\n\n\n\n<p class=\"wp-block-paragraph\">I veneti non sono stati soltanto emigranti. Sono stati anzitutto grandi esploratori e navigatori, mercanti visionari e artisti cosmopoliti, spinti dalla madre Venezia a superare limiti e confini, a guardare oltre: verso gli orizzonti dell'oriente, come fece Marco Polo, o al di l\u00e0 dell'oceano,&nbsp; come fecero i Caboto. I veneti hanno risalito i grandi estuari delle Americhe, partecipato al primo giro del mondo. Si sono calati nelle tombe dell'antico Egitto e hanno cercato l'oro nelle terre estreme dell'Alaska. Anche questo spirito ha accompagnato l'emigrazione veneta.<\/p>\n\n\n\n<figure class=\"wp-block-image aligncenter size-full\"><img loading=\"lazy\" decoding=\"async\" width=\"1000\" height=\"1000\" src=\"https:\/\/www.mevapp.it\/wp-content\/uploads\/2026\/06\/MEV_Veneti-famosi_03.png\" alt=\"\" class=\"wp-image-100414\" srcset=\"https:\/\/www.mevapp.it\/wp-content\/uploads\/2026\/06\/MEV_Veneti-famosi_03.png 1000w, https:\/\/www.mevapp.it\/wp-content\/uploads\/2026\/06\/MEV_Veneti-famosi_03-980x980.png 980w, https:\/\/www.mevapp.it\/wp-content\/uploads\/2026\/06\/MEV_Veneti-famosi_03-480x480.png 480w\" sizes=\"(min-width: 0px) and (max-width: 480px) 480px, (min-width: 481px) and (max-width: 980px) 980px, (min-width: 981px) 1000px, 100vw\" \/><\/figure>\n\n\n\n<p class=\"wp-block-paragraph\"><strong>Marco Polo <\/strong>(1254 -1324): viaggiatore, scrittore, ambasciatore<br><em>Il giovane mercante di Venezia che \"scopr\u00ec\" le meraviglie della Cina<\/em><br><strong>Venezia &gt; Asia<\/strong><br>\u00c8 il simbolo dello spirito di Venezia proiettato con curiosit\u00e0 e intraprendenza verso nuovi orizzonti. Con il suo viaggio, narrato magistralmente ne <em>Il Milione<\/em>, contribu\u00ec a cambiare la conoscenza europea dell'Asia e favor\u00ec l'incontro tra culture, popoli e civilt\u00e0 lontane.<\/p>\n\n\n\n<figure class=\"wp-block-image aligncenter size-full\"><img loading=\"lazy\" decoding=\"async\" width=\"1000\" height=\"1000\" src=\"https:\/\/www.mevapp.it\/wp-content\/uploads\/2026\/06\/MEV_Veneti-famosi_04.png\" alt=\"\" class=\"wp-image-100417\" srcset=\"https:\/\/www.mevapp.it\/wp-content\/uploads\/2026\/06\/MEV_Veneti-famosi_04.png 1000w, https:\/\/www.mevapp.it\/wp-content\/uploads\/2026\/06\/MEV_Veneti-famosi_04-980x980.png 980w, https:\/\/www.mevapp.it\/wp-content\/uploads\/2026\/06\/MEV_Veneti-famosi_04-480x480.png 480w\" sizes=\"(min-width: 0px) and (max-width: 480px) 480px, (min-width: 481px) and (max-width: 980px) 980px, (min-width: 981px) 1000px, 100vw\" \/><\/figure>\n\n\n\n<p class=\"wp-block-paragraph\"><strong>Giovanni Caboto - John Cabot <\/strong>(1445\/1450 - Oceano Atlantico, 1498\/1501): navigatore, esploratore<br><em>Il cittadino veneziano che fece approdare l'Inghilterra in Canada<br><\/em><strong>Venezia, Londra &gt; Nord America<br><\/strong>&nbsp;Annoverato tra i pi\u00f9 grandi navigatori-esploratori della storia, al servizio dell'Inghilterra raggiunse le coste del Nord America nel 1497. La sua impresa apr\u00ec nuove rotte atlantiche e pose le basi della futura presenza inglese nel continente.<\/p>\n\n\n\n<figure class=\"wp-block-image aligncenter size-full\"><img loading=\"lazy\" decoding=\"async\" width=\"1000\" height=\"1000\" src=\"https:\/\/www.mevapp.it\/wp-content\/uploads\/2026\/06\/MEV_Veneti-famosi_05.png\" alt=\"\" class=\"wp-image-100418\" srcset=\"https:\/\/www.mevapp.it\/wp-content\/uploads\/2026\/06\/MEV_Veneti-famosi_05.png 1000w, https:\/\/www.mevapp.it\/wp-content\/uploads\/2026\/06\/MEV_Veneti-famosi_05-980x980.png 980w, https:\/\/www.mevapp.it\/wp-content\/uploads\/2026\/06\/MEV_Veneti-famosi_05-480x480.png 480w\" sizes=\"(min-width: 0px) and (max-width: 480px) 480px, (min-width: 481px) and (max-width: 980px) 980px, (min-width: 981px) 1000px, 100vw\" \/><\/figure>\n\n\n\n<p class=\"wp-block-paragraph\"><strong>Sebastiano Caboto <\/strong>(1474\/1484 - 1557): navigatore, esploratore<br><em>L'uomo che esplor\u00f2 il Nuovo Mondo dal San Lorenzo al R\u00edo de la Plata<\/em><br><strong>Venezia, Inghilterra, Spagna &gt; Nord America, America Latina<br><\/strong>Esplor\u00f2 il Nuovo Mondo al servizio di Inghilterra e Spagna. <br>Dalle coste del Canada al R\u00edo de la Plata contribu\u00ec ad ampliare la conoscenza geografica delle Americhe e delle loro vie d'acqua.<\/p>\n\n\n\n<figure class=\"wp-block-image aligncenter size-full\"><img loading=\"lazy\" decoding=\"async\" width=\"1000\" height=\"1000\" src=\"https:\/\/www.mevapp.it\/wp-content\/uploads\/2026\/06\/MEV_Veneti-famosi_06.png\" alt=\"\" class=\"wp-image-100420\" srcset=\"https:\/\/www.mevapp.it\/wp-content\/uploads\/2026\/06\/MEV_Veneti-famosi_06.png 1000w, https:\/\/www.mevapp.it\/wp-content\/uploads\/2026\/06\/MEV_Veneti-famosi_06-980x980.png 980w, https:\/\/www.mevapp.it\/wp-content\/uploads\/2026\/06\/MEV_Veneti-famosi_06-480x480.png 480w\" sizes=\"(min-width: 0px) and (max-width: 480px) 480px, (min-width: 481px) and (max-width: 980px) 980px, (min-width: 981px) 1000px, 100vw\" \/><\/figure>\n\n\n\n<p class=\"wp-block-paragraph\"><strong>Antonio Pigafetta <\/strong>(1492 circa - 1531 circa): esploratore, geografo, scrittore<br><em>Il cronista superstite del \"primo viaggio attorno al mondo\"<br><\/em><strong>Vicenza &gt; Circumnavigazione del globo con Fernando Magellano<br><\/strong>Nobile vicentino, partecip\u00f2 alla spedizione di Magellano e fu tra i pochi superstiti della prima circumnavigazione del globo, durata 2 anni, 11 mesi, 17 giorni.<br>Il suo diario \u00e8 una delle pi\u00f9 importanti testimonianze dei grandi viaggi di esplorazione e la prima cronaca di un \"giro del mondo\".<\/p>\n\n\n\n<figure class=\"wp-block-image aligncenter size-full\"><img loading=\"lazy\" decoding=\"async\" width=\"1000\" height=\"1000\" src=\"https:\/\/www.mevapp.it\/wp-content\/uploads\/2026\/06\/MEV_Veneti-famosi_07.png\" alt=\"\" class=\"wp-image-100423\" srcset=\"https:\/\/www.mevapp.it\/wp-content\/uploads\/2026\/06\/MEV_Veneti-famosi_07.png 1000w, https:\/\/www.mevapp.it\/wp-content\/uploads\/2026\/06\/MEV_Veneti-famosi_07-980x980.png 980w, https:\/\/www.mevapp.it\/wp-content\/uploads\/2026\/06\/MEV_Veneti-famosi_07-480x480.png 480w\" sizes=\"(min-width: 0px) and (max-width: 480px) 480px, (min-width: 481px) and (max-width: 980px) 980px, (min-width: 981px) 1000px, 100vw\" \/><\/figure>\n\n\n\n<p class=\"wp-block-paragraph\"><strong>Caterina Corner <\/strong>(1454 - 1510)<strong>: <\/strong>nobildonna, mecenate<br><em>Da regina di Cipro a signora del Rinascimento di Asolo&nbsp;<br><\/em><strong>Venezia &gt; Cipro<\/strong><br>Ultima regina di Cipro, trasform\u00f2 la perdita del regno in una nuova stagione culturale ad Asolo.<br>La sua corte divenne uno dei centri pi\u00f9 raffinati del Rinascimento italiano, favorendo l'incontro tra artisti, letterati e umanisti, tra cui Pietro Bembo. Fu una figura rappresentativa del livello di emancipazione femminile raggiunto da molte donne veneziane in quell'epoca.<\/p>\n\n\n\n<figure class=\"wp-block-image aligncenter size-full\"><img loading=\"lazy\" decoding=\"async\" width=\"1000\" height=\"1000\" src=\"https:\/\/www.mevapp.it\/wp-content\/uploads\/2026\/06\/MEV_Veneti-famosi_08.png\" alt=\"\" class=\"wp-image-100424\" srcset=\"https:\/\/www.mevapp.it\/wp-content\/uploads\/2026\/06\/MEV_Veneti-famosi_08.png 1000w, https:\/\/www.mevapp.it\/wp-content\/uploads\/2026\/06\/MEV_Veneti-famosi_08-980x980.png 980w, https:\/\/www.mevapp.it\/wp-content\/uploads\/2026\/06\/MEV_Veneti-famosi_08-480x480.png 480w\" sizes=\"(min-width: 0px) and (max-width: 480px) 480px, (min-width: 481px) and (max-width: 980px) 980px, (min-width: 981px) 1000px, 100vw\" \/><\/figure>\n\n\n\n<p class=\"wp-block-paragraph\"><strong>Pietro Cesare Alberti <\/strong>(1608 - 1655): viaggiatore, emigrato<br><em>Il primo italiano a New York<\/em><br><strong>Venezia &gt; Nuova Amsterdam (l'attuale New York)<\/strong><br>Mercante veneziano, fu il primo italiano documentato a stabilirsi nella Nuova Amsterdam, l'attuale New York. <br>La sua vicenda segna simbolicamente l'inizio della presenza italiana nella futura metropoli americana<\/p>\n\n\n\n<figure class=\"wp-block-image aligncenter size-full\"><img loading=\"lazy\" decoding=\"async\" width=\"1000\" height=\"1000\" src=\"https:\/\/www.mevapp.it\/wp-content\/uploads\/2026\/06\/MEV_Veneti-famosi_09.png\" alt=\"\" class=\"wp-image-100425\" srcset=\"https:\/\/www.mevapp.it\/wp-content\/uploads\/2026\/06\/MEV_Veneti-famosi_09.png 1000w, https:\/\/www.mevapp.it\/wp-content\/uploads\/2026\/06\/MEV_Veneti-famosi_09-980x980.png 980w, https:\/\/www.mevapp.it\/wp-content\/uploads\/2026\/06\/MEV_Veneti-famosi_09-480x480.png 480w\" sizes=\"(min-width: 0px) and (max-width: 480px) 480px, (min-width: 481px) and (max-width: 980px) 980px, (min-width: 981px) 1000px, 100vw\" \/><\/figure>\n\n\n\n<p class=\"wp-block-paragraph\"><strong>Giambattista Tiepolo <\/strong>(1696 - 1770), <strong>Giandomenico Tiepolo <\/strong>(1727 - 1804): artisti<br><em>I magnifici frescanti del Settecento europeo<\/em><br><strong>Venezia &gt; W\u00fcrzburg, Madrid<\/strong><br>Padre e figlio portarono la pittura veneziana nelle corti d'Europa. I loro affreschi, da W\u00fcrzburg a Madrid, rappresentano uno dei vertici della pittura rococ\u00f2 del Settecento, testimoniano il prestigio internazionale della scuola veneta e anche la capacit\u00e0 di coniugare arte e capacit\u00e0 imprenditoriale.<\/p>\n\n\n\n<figure class=\"wp-block-image aligncenter size-full\"><img loading=\"lazy\" decoding=\"async\" width=\"1000\" height=\"1000\" src=\"https:\/\/www.mevapp.it\/wp-content\/uploads\/2026\/06\/MEV_Veneti-famosi_10.png\" alt=\"\" class=\"wp-image-100429\" srcset=\"https:\/\/www.mevapp.it\/wp-content\/uploads\/2026\/06\/MEV_Veneti-famosi_10.png 1000w, https:\/\/www.mevapp.it\/wp-content\/uploads\/2026\/06\/MEV_Veneti-famosi_10-980x980.png 980w, https:\/\/www.mevapp.it\/wp-content\/uploads\/2026\/06\/MEV_Veneti-famosi_10-480x480.png 480w\" sizes=\"(min-width: 0px) and (max-width: 480px) 480px, (min-width: 481px) and (max-width: 980px) 980px, (min-width: 981px) 1000px, 100vw\" \/><\/figure>\n\n\n\n<p class=\"wp-block-paragraph\"><strong>Giovanni Battista Belzoni <\/strong>(1778 - 1823): esploratore, ingegnere, archeologo&nbsp;<br><em>Il pioniere dell'egittologia che ha ispirato Indiana Jones<\/em><br><strong>Padova &gt; Egitto<br><\/strong>Esploratore padovano, fu tra i pionieri dell'egittologia. Le sue imprese nei templi e nelle tombe dei faraoni alimentarono in Europa la passione per l'antico Egitto e ispirarono generazioni di esploratori. Si deve a lui la scoperta della statua del Giovane Memnone, rappresentazione di Ramses II, uno dei capolavori conservati nel British Museum di Londra.<\/p>\n\n\n\n<figure class=\"wp-block-image aligncenter size-full\"><img loading=\"lazy\" decoding=\"async\" width=\"1000\" height=\"1000\" src=\"https:\/\/www.mevapp.it\/wp-content\/uploads\/2026\/06\/MEV_Veneti-famosi_11.png\" alt=\"\" class=\"wp-image-100430\" srcset=\"https:\/\/www.mevapp.it\/wp-content\/uploads\/2026\/06\/MEV_Veneti-famosi_11.png 1000w, https:\/\/www.mevapp.it\/wp-content\/uploads\/2026\/06\/MEV_Veneti-famosi_11-980x980.png 980w, https:\/\/www.mevapp.it\/wp-content\/uploads\/2026\/06\/MEV_Veneti-famosi_11-480x480.png 480w\" sizes=\"(min-width: 0px) and (max-width: 480px) 480px, (min-width: 481px) and (max-width: 980px) 980px, (min-width: 981px) 1000px, 100vw\" \/><\/figure>\n\n\n\n<p class=\"wp-block-paragraph\"><strong>Girolamo Segato<\/strong> (1792 - 1836): naturalista, cartografo, egittologo<br><em>Il \"pietrificatore\" ispirato dalle mummie dell'antico Egitto<\/em><br><strong>Sospirolo (Belluno) &gt; Egitto <\/strong>&nbsp;<br>Naturalista bellunese, studi\u00f2 a lungo l'Egitto e svilupp\u00f2 un originale metodo di conservazione dei tessuti organici. <br>Le sue ricerche, ancora oggi avvolte dal mistero, gli valsero il soprannome di \"pietrificatore\".<\/p>\n\n\n\n<figure class=\"wp-block-image aligncenter size-full\"><img loading=\"lazy\" decoding=\"async\" width=\"1000\" height=\"1000\" src=\"https:\/\/www.mevapp.it\/wp-content\/uploads\/2026\/06\/MEV_Veneti-famosi_13.png\" alt=\"\" class=\"wp-image-100432\" srcset=\"https:\/\/www.mevapp.it\/wp-content\/uploads\/2026\/06\/MEV_Veneti-famosi_13.png 1000w, https:\/\/www.mevapp.it\/wp-content\/uploads\/2026\/06\/MEV_Veneti-famosi_13-980x980.png 980w, https:\/\/www.mevapp.it\/wp-content\/uploads\/2026\/06\/MEV_Veneti-famosi_13-480x480.png 480w\" sizes=\"(min-width: 0px) and (max-width: 480px) 480px, (min-width: 481px) and (max-width: 980px) 980px, (min-width: 981px) 1000px, 100vw\" \/><figcaption class=\"wp-element-caption\">I fratelli Dalla Costa in Alaska:&nbsp;Francesco seduto e Giovanni in piedi dietro di lui con il cane.<\/figcaption><\/figure>\n\n\n\n<p class=\"wp-block-paragraph\"><strong>Giovanni Dalla Costa - Jack Costa <\/strong>(1868 - 1928)<strong>:<\/strong> pioniere<br><em>L'uomo della pedemontana che trov\u00f2 l'oro nel grande<\/em> <em>Nord<\/em>&nbsp;<br><strong>Pederobba (Treviso) &gt; Alaska (Stati Uniti)<br><\/strong>Partito dalla pedemontana trevigiana per inseguire la corsa all'oro, ne divenne uno dei protagonisti in Alaska. <br>La sua avventura racconta lo spirito pionieristico di tanti emigrati veneti capaci di misurarsi con territori estremi, di fare fortuna, ma anche di affrontare con dignit\u00e0 la cattiva sorte che pu\u00f2 travolgere le conquiste di un'intera vita.<\/p>\n\n\n\n<figure class=\"wp-block-image aligncenter size-full\"><img loading=\"lazy\" decoding=\"async\" width=\"1000\" height=\"1000\" src=\"https:\/\/www.mevapp.it\/wp-content\/uploads\/2026\/06\/MEV_Veneti-famosi_14.png\" alt=\"\" class=\"wp-image-100433\" srcset=\"https:\/\/www.mevapp.it\/wp-content\/uploads\/2026\/06\/MEV_Veneti-famosi_14.png 1000w, https:\/\/www.mevapp.it\/wp-content\/uploads\/2026\/06\/MEV_Veneti-famosi_14-980x980.png 980w, https:\/\/www.mevapp.it\/wp-content\/uploads\/2026\/06\/MEV_Veneti-famosi_14-480x480.png 480w\" sizes=\"(min-width: 0px) and (max-width: 480px) 480px, (min-width: 481px) and (max-width: 980px) 980px, (min-width: 981px) 1000px, 100vw\" \/><\/figure>\n\n\n\n<p class=\"wp-block-paragraph\"><strong>Carlo Camillo di Rudio <\/strong>(1832 - 1910): militare e patriota&nbsp;italiano<br><em>Il conte che sopravvisse alla battaglia di Little Bighorn<\/em><br><strong>Belluno &gt; Stati Uniti&nbsp;<\/strong><br>Patriota del Risorgimento, dopo l'esilio negli Stati Uniti intraprese la carriera militare nell'esercito americano. Entr\u00f2 nella storia come uno dei pochi sopravvissuti alla battaglia di Little Bighorn, simbolo della conquista del Far West legato alla controversa figura del generale George Armstrong Custer.<br><\/p>\n\n\n\n<p class=\"has-medium-font-size wp-block-paragraph\"><strong>TESTIMONI E COSTRUTTORI<\/strong><strong> DI COMUNIT\u00c0<\/strong><\/p>\n\n\n\n<p class=\"wp-block-paragraph\">L'emigrazione veneta ha portato nel mondo coscienza di giustizia e spirito di solidariet\u00e0.<br>Da questo terreno hanno preso vita figure di eccezionale umanit\u00e0: religiosi, giornalisti, intellettuali, politici, spesso capaci di unire testimonianza e azione. Persone che hanno contribuito a mettere al centro della propria missione la dignit\u00e0 della persona umana e il progresso sociale delle proprie comunit\u00e0. Che si sono impegnati a rendere migliore la vita degli altri.<\/p>\n\n\n\n\n\n<p class=\"wp-block-paragraph\"><strong>Bortolo Belli&nbsp; <\/strong>(1851 - 1911): giornalista, analista socio-economico, imprenditore<br><em>Il cronista che raccont\u00f2 gli italiani in Brasile<\/em><br><strong>Oderzo &gt; Brasile<\/strong><br>Giornalista e imprenditore, raccont\u00f2 con lucidit\u00e0 la vita degli emigrati italiani in Brasile.<br>I suoi scritti sono una preziosa testimonianza delle prime comunit\u00e0 italiane e delle sfide della colonizzazione. <br>\u00c8 stato la memoria dell'emigrazione brasiliana.<\/p>\n\n\n\n<figure class=\"wp-block-image aligncenter size-full\"><img loading=\"lazy\" decoding=\"async\" width=\"1000\" height=\"1000\" src=\"https:\/\/www.mevapp.it\/wp-content\/uploads\/2026\/06\/MEV_Veneti-famosi_16.png\" alt=\"\" class=\"wp-image-100434\" srcset=\"https:\/\/www.mevapp.it\/wp-content\/uploads\/2026\/06\/MEV_Veneti-famosi_16.png 1000w, https:\/\/www.mevapp.it\/wp-content\/uploads\/2026\/06\/MEV_Veneti-famosi_16-980x980.png 980w, https:\/\/www.mevapp.it\/wp-content\/uploads\/2026\/06\/MEV_Veneti-famosi_16-480x480.png 480w\" sizes=\"(min-width: 0px) and (max-width: 480px) 480px, (min-width: 481px) and (max-width: 980px) 980px, (min-width: 981px) 1000px, 100vw\" \/><\/figure>\n\n\n\n<p class=\"wp-block-paragraph\"><strong>Marcos Benetazzo<\/strong> (1888 - 1969): missionario, medico<br><em>L'\"apostolo e padre degli orfani\" ecuadoregni<\/em><br><strong>Padova &gt; Ecuador&nbsp;&nbsp;<br><\/strong>Medico e missionario padovano, dedic\u00f2 la vita agli orfani e ai pi\u00f9 poveri dell'Ecuador. <br>Per il suo instancabile impegno educativo e sanitario \u00e8 ricordato come l'\"apostolo e padre degli orfani\".<\/p>\n\n\n\n<figure class=\"wp-block-image aligncenter size-full\"><img loading=\"lazy\" decoding=\"async\" width=\"1000\" height=\"1000\" src=\"https:\/\/www.mevapp.it\/wp-content\/uploads\/2026\/06\/MEV_Veneti-famosi_17.png\" alt=\"\" class=\"wp-image-100435\" srcset=\"https:\/\/www.mevapp.it\/wp-content\/uploads\/2026\/06\/MEV_Veneti-famosi_17.png 1000w, https:\/\/www.mevapp.it\/wp-content\/uploads\/2026\/06\/MEV_Veneti-famosi_17-980x980.png 980w, https:\/\/www.mevapp.it\/wp-content\/uploads\/2026\/06\/MEV_Veneti-famosi_17-480x480.png 480w\" sizes=\"(min-width: 0px) and (max-width: 480px) 480px, (min-width: 481px) and (max-width: 980px) 980px, (min-width: 981px) 1000px, 100vw\" \/><\/figure>\n\n\n\n<p class=\"wp-block-paragraph\"><strong>Aquiles<\/strong> <strong>Bernardi <\/strong>(1891 - 1973): missionario cappuccino, scrittore<br><em>Il frate che scrisse in <\/em>tali\u00e0n<em> la storia dell'emigrato Nanetto Pipetta<\/em>&nbsp;<br><strong>Nato a Caxias do Sul (Brasile), originario di Pieve di Soligo (Treviso)<br><\/strong>Frate cappuccino e scrittore, diede voce agli emigrati italiani del Brasile con il romanzo in<em> tali\u00e0n<\/em> <em>Nanetto Pipetta<\/em>. <br>La sua opera \u00e8 considerata uno dei testi pi\u00f9 significativi della cultura veneto-brasiliana, sia per il suo valore narrativo e linguistico, <br>sia perch\u00e9 costituisce una realistica testimonianza della dura realt\u00e0 dell'emigrazione.<\/p>\n\n\n\n<figure class=\"wp-block-image aligncenter size-full\"><img loading=\"lazy\" decoding=\"async\" width=\"1000\" height=\"1000\" src=\"https:\/\/www.mevapp.it\/wp-content\/uploads\/2026\/06\/MEV_Veneti-famosi_18.png\" alt=\"\" class=\"wp-image-100436\" srcset=\"https:\/\/www.mevapp.it\/wp-content\/uploads\/2026\/06\/MEV_Veneti-famosi_18.png 1000w, https:\/\/www.mevapp.it\/wp-content\/uploads\/2026\/06\/MEV_Veneti-famosi_18-980x980.png 980w, https:\/\/www.mevapp.it\/wp-content\/uploads\/2026\/06\/MEV_Veneti-famosi_18-480x480.png 480w\" sizes=\"(min-width: 0px) and (max-width: 480px) 480px, (min-width: 481px) and (max-width: 980px) 980px, (min-width: 981px) 1000px, 100vw\" \/><\/figure>\n\n\n\n<p class=\"wp-block-paragraph\"><strong>Jos\u00e9 Carollo <\/strong>(1931 - 2005): religioso, operatore sociale<br><em>Il missionario che costru\u00ec case e speranza per i poveri di Quito<br><\/em><strong>Vicenza &gt; Ecuador<\/strong>&nbsp;&nbsp;<br>Missionario vicentino, trasform\u00f2 il proprio apostolato in un grande progetto sociale nei quartieri pi\u00f9 poveri di Quito. <br>Costru\u00ec scuole, centri sanitari e luoghi di accoglienza, lasciando un segno profondo del proprio operato in Ecuador.<\/p>\n\n\n\n<figure class=\"wp-block-image aligncenter size-full\"><img loading=\"lazy\" decoding=\"async\" width=\"1000\" height=\"1000\" src=\"https:\/\/www.mevapp.it\/wp-content\/uploads\/2026\/06\/MEV_Veneti-famosi_19.png\" alt=\"\" class=\"wp-image-100437\" srcset=\"https:\/\/www.mevapp.it\/wp-content\/uploads\/2026\/06\/MEV_Veneti-famosi_19.png 1000w, https:\/\/www.mevapp.it\/wp-content\/uploads\/2026\/06\/MEV_Veneti-famosi_19-980x980.png 980w, https:\/\/www.mevapp.it\/wp-content\/uploads\/2026\/06\/MEV_Veneti-famosi_19-480x480.png 480w\" sizes=\"(min-width: 0px) and (max-width: 480px) 480px, (min-width: 481px) and (max-width: 980px) 980px, (min-width: 981px) 1000px, 100vw\" \/><\/figure>\n\n\n\n<p class=\"wp-block-paragraph\"><strong>Pietro Colbacchini <\/strong>(1845 - 1928): sacerdote, missionario<br><em>Il padre scalabriniano, pilastro e voce degli italiani in Brasile<\/em><br><strong>Bassano del Grappa (Vicenza)&nbsp; &gt; Stati di San Paolo, Paran\u00e0 e Rio Grande do Sul (Brasile)<br><\/strong>Missionario scalabriniano, fu uno dei principali punti di riferimento spirituali degli emigrati italiani in Brasile. <br>Le sue lettere raccontano speranze, fatiche e nascita delle prime comunit\u00e0 italiane. E testimoniano il ruolo concreto delle missioni cattoliche nel processo di colonizzazione.<\/p>\n\n\n\n<figure class=\"wp-block-image aligncenter size-full\"><img loading=\"lazy\" decoding=\"async\" width=\"1000\" height=\"1000\" src=\"https:\/\/www.mevapp.it\/wp-content\/uploads\/2026\/06\/MEV_Veneti-famosi_20.png\" alt=\"\" class=\"wp-image-100438\" srcset=\"https:\/\/www.mevapp.it\/wp-content\/uploads\/2026\/06\/MEV_Veneti-famosi_20.png 1000w, https:\/\/www.mevapp.it\/wp-content\/uploads\/2026\/06\/MEV_Veneti-famosi_20-980x980.png 980w, https:\/\/www.mevapp.it\/wp-content\/uploads\/2026\/06\/MEV_Veneti-famosi_20-480x480.png 480w\" sizes=\"(min-width: 0px) and (max-width: 480px) 480px, (min-width: 481px) and (max-width: 980px) 980px, (min-width: 981px) 1000px, 100vw\" \/><\/figure>\n\n\n\n<p class=\"wp-block-paragraph\"><strong>Juan Jos\u00e9 Gerardi Conedera <\/strong>(1922 - 1998): ecclesiastico cattolico<br><em>Il vescovo dei diritti umani assassinato in Guatemala<\/em><br><strong>Nato a Citt\u00e0 del Guatemala, originario di Taibon Agordino (Belluno)<\/strong>&nbsp;<br>Discendente di emigrati bellunesi, vescovo del Guatemala, dedic\u00f2 la vita alla difesa dei diritti umani. Fu assassinato nel 1998, pochi giorni dopo aver coraggiosamente denunciato le violenze della guerra civile tra regime militare e guerriglieri che dilaniavano il Paese.<\/p>\n\n\n\n<figure class=\"wp-block-image aligncenter size-full\"><img loading=\"lazy\" decoding=\"async\" width=\"1000\" height=\"1000\" src=\"https:\/\/www.mevapp.it\/wp-content\/uploads\/2026\/06\/MEV_Veneti-famosi_21.png\" alt=\"\" class=\"wp-image-100439\" srcset=\"https:\/\/www.mevapp.it\/wp-content\/uploads\/2026\/06\/MEV_Veneti-famosi_21.png 1000w, https:\/\/www.mevapp.it\/wp-content\/uploads\/2026\/06\/MEV_Veneti-famosi_21-980x980.png 980w, https:\/\/www.mevapp.it\/wp-content\/uploads\/2026\/06\/MEV_Veneti-famosi_21-480x480.png 480w\" sizes=\"(min-width: 0px) and (max-width: 480px) 480px, (min-width: 481px) and (max-width: 980px) 980px, (min-width: 981px) 1000px, 100vw\" \/><\/figure>\n\n\n\n<p class=\"wp-block-paragraph\"><strong>Sonia Maino Gandhi <\/strong>(n.1940): politica<br><em>La vicentina diventata Presidente del Partito dell'<\/em>Indian National Congress <em><br><\/em><strong>Lusiana<\/strong> <strong>(Vicenza) &gt; New Delhi (India)<\/strong>&nbsp;<br>Nata nel Vicentino, spos\u00f2 Rajiv Gandhi, primo ministro dell'India dal 1984 al 1989. <br>Dopo la morte del marito, assassinato nel 1991, divenne una delle figure pi\u00f9 influenti della politica nazionale. <br>Alla guida del Partito del Congresso ha avuto un ruolo centrale nella vita democratica del Paese.<\/p>\n\n\n\n\n\n<p class=\"wp-block-paragraph\"><strong>Pio Massimo Riepele Pretto <\/strong>(1872 - 1948): avvocato, giornalista, poeta<br><em>Il direttore del quotidiano <\/em>La Rep\u00fablica...<em> in Guatemala<\/em> <br><strong>Vicenza &gt; Citt\u00e0 del Guatemala<br><\/strong>La sua voce e la sua opera contribuirono allo sviluppo culturale e istituzionale del Guatemala. <br>Dirigendo giornali e istituzioni culturali, favor\u00ec il dialogo tra la comunit\u00e0 italiana e il Paese d'adozione.<\/p>\n\n\n\n<figure class=\"wp-block-image aligncenter size-full\"><img loading=\"lazy\" decoding=\"async\" width=\"1000\" height=\"1000\" src=\"https:\/\/www.mevapp.it\/wp-content\/uploads\/2026\/06\/MEV_Veneti-famosi_22.png\" alt=\"\" class=\"wp-image-100440\" srcset=\"https:\/\/www.mevapp.it\/wp-content\/uploads\/2026\/06\/MEV_Veneti-famosi_22.png 1000w, https:\/\/www.mevapp.it\/wp-content\/uploads\/2026\/06\/MEV_Veneti-famosi_22-980x980.png 980w, https:\/\/www.mevapp.it\/wp-content\/uploads\/2026\/06\/MEV_Veneti-famosi_22-480x480.png 480w\" sizes=\"(min-width: 0px) and (max-width: 480px) 480px, (min-width: 481px) and (max-width: 980px) 980px, (min-width: 981px) 1000px, 100vw\" \/><\/figure>\n\n\n\n<p class=\"wp-block-paragraph\"><strong>Marino Rigon<\/strong> (1925 - 2017): sacerdote, missionario<br><em>L'\"amico dei bengalesi\",&nbsp; traduttore di Rabindranath Tagore<\/em><br><strong>Vicenza &gt; Bangladesh<br><\/strong>Missionario saveriano, trascorse gran parte della vita in Bangladesh. Amico del popolo bengalese e raffinato traduttore di Rabindranath Tagore, costru\u00ec un ponte culturale tra Asia ed Europa.<\/p>\n\n\n\n<figure class=\"wp-block-image aligncenter size-full\"><img loading=\"lazy\" decoding=\"async\" width=\"1000\" height=\"1000\" src=\"https:\/\/www.mevapp.it\/wp-content\/uploads\/2026\/06\/MEV_Veneti-famosi_23.png\" alt=\"\" class=\"wp-image-100441\" srcset=\"https:\/\/www.mevapp.it\/wp-content\/uploads\/2026\/06\/MEV_Veneti-famosi_23.png 1000w, https:\/\/www.mevapp.it\/wp-content\/uploads\/2026\/06\/MEV_Veneti-famosi_23-980x980.png 980w, https:\/\/www.mevapp.it\/wp-content\/uploads\/2026\/06\/MEV_Veneti-famosi_23-480x480.png 480w\" sizes=\"(min-width: 0px) and (max-width: 480px) 480px, (min-width: 481px) and (max-width: 980px) 980px, (min-width: 981px) 1000px, 100vw\" \/><\/figure>\n\n\n\n<p class=\"wp-block-paragraph\"><strong>Adolfo<\/strong> <strong>Rossi <\/strong>(1857 - 1921): giornalista, scrittore, diplomatico<br><em>Il reporter che fece luce sulle condizioni degli emigranti<br><\/em><strong>Lendinara (Rovigo) &gt; Brasile, Sudafrica, Stati Uniti, Argentina<br><\/strong>Giornalista e diplomatico polesano, document\u00f2 con rigore le condizioni degli emigrati italiani nei principali Paesi di destinazione. <br>Le sue inchieste contribuirono a far conoscere problemi spesso ignorati dall'opinione pubblica.<\/p>\n\n\n\n<figure class=\"wp-block-image aligncenter size-full\"><img loading=\"lazy\" decoding=\"async\" width=\"1000\" height=\"1000\" src=\"https:\/\/www.mevapp.it\/wp-content\/uploads\/2026\/06\/MEV_Veneti-famosi_24.png\" alt=\"\" class=\"wp-image-100442\" srcset=\"https:\/\/www.mevapp.it\/wp-content\/uploads\/2026\/06\/MEV_Veneti-famosi_24.png 1000w, https:\/\/www.mevapp.it\/wp-content\/uploads\/2026\/06\/MEV_Veneti-famosi_24-980x980.png 980w, https:\/\/www.mevapp.it\/wp-content\/uploads\/2026\/06\/MEV_Veneti-famosi_24-480x480.png 480w\" sizes=\"(min-width: 0px) and (max-width: 480px) 480px, (min-width: 481px) and (max-width: 980px) 980px, (min-width: 981px) 1000px, 100vw\" \/><\/figure>\n\n\n\n<p class=\"wp-block-paragraph\"><strong>Frank Sartor<\/strong> (n. 1951): politico<br><em>Il primo sindaco indipendente di Sydney<\/em><br><strong>Nato a Griffith (Australia), originario di San Giovanni in Bosco (Padova)<\/strong>&nbsp;&nbsp;<br>Figlio di emigrati veneti, fu il primo sindaco indipendente di Sydney. <br>Alla sua amministrazione sono legati importanti progetti urbani e l'organizzazione dei Giochi Olimpici del 2000.<br><\/p>\n\n\n\n<p class=\"has-medium-font-size wp-block-paragraph\"><strong>CREATIVI DELLA SCIENZA E DELL'ARTE&nbsp;<\/strong><\/p>\n\n\n\n<p class=\"wp-block-paragraph\">L'immaginazione e la creativit\u00e0 hanno accompagnato molti protagonisti dell'emigrazione e della mobilit\u00e0 veneta affermatisi nei campi della scienza e dell'arte: dalla gravitazione quantistica o dalla genetica, alla pittura monumentale che celebra la forza della vita, fino a fumetti rivoluzionari che hanno conquistato il mondo. Con la rara capacit\u00e0 di portare intuizione, ricerca e bellezza nei terreni dell'imprenditorialit\u00e0: si tratti di microchip o di altissima moda.&nbsp;&nbsp;<\/p>\n\n\n\n<figure class=\"wp-block-image aligncenter size-full\"><img loading=\"lazy\" decoding=\"async\" width=\"1000\" height=\"1000\" src=\"https:\/\/www.mevapp.it\/wp-content\/uploads\/2026\/06\/MEV_Veneti-famosi_26.png\" alt=\"\" class=\"wp-image-100443\" srcset=\"https:\/\/www.mevapp.it\/wp-content\/uploads\/2026\/06\/MEV_Veneti-famosi_26.png 1000w, https:\/\/www.mevapp.it\/wp-content\/uploads\/2026\/06\/MEV_Veneti-famosi_26-980x980.png 980w, https:\/\/www.mevapp.it\/wp-content\/uploads\/2026\/06\/MEV_Veneti-famosi_26-480x480.png 480w\" sizes=\"(min-width: 0px) and (max-width: 480px) 480px, (min-width: 481px) and (max-width: 980px) 980px, (min-width: 981px) 1000px, 100vw\" \/><\/figure>\n\n\n\n<p class=\"wp-block-paragraph\"><strong>Luis Sodiro<\/strong> (1836 - 1909): missionario, scienziato<br><em>Il gesuita padre della botanica ecuadoriana<\/em><br><strong>Vicenza &gt; Ecuador<\/strong><br>Gesuita vicentino, dedic\u00f2 la vita allo studio della straordinaria biodiversit\u00e0 dell'Ecuador.<br>Le sue ricerche contribuirono a far conoscere la flora andina e gli valsero il riconoscimento di padre della botanica ecuadoriana, lasciando un'eredit\u00e0 scientifica ancora oggi preziosa.<\/p>\n\n\n\n<figure class=\"wp-block-image aligncenter size-full\"><img loading=\"lazy\" decoding=\"async\" width=\"1000\" height=\"1000\" src=\"https:\/\/www.mevapp.it\/wp-content\/uploads\/2026\/06\/MEV_Veneti-famosi_27.png\" alt=\"\" class=\"wp-image-100444\" srcset=\"https:\/\/www.mevapp.it\/wp-content\/uploads\/2026\/06\/MEV_Veneti-famosi_27.png 1000w, https:\/\/www.mevapp.it\/wp-content\/uploads\/2026\/06\/MEV_Veneti-famosi_27-980x980.png 980w, https:\/\/www.mevapp.it\/wp-content\/uploads\/2026\/06\/MEV_Veneti-famosi_27-480x480.png 480w\" sizes=\"(min-width: 0px) and (max-width: 480px) 480px, (min-width: 481px) and (max-width: 980px) 980px, (min-width: 981px) 1000px, 100vw\" \/><\/figure>\n\n\n\n<p class=\"wp-block-paragraph\"><strong>Mario Renato<\/strong> <strong>Capecchi <\/strong>(n. 1937): scienziato<br><em>Il genetista Premio Nobel per la Medicina 2007<\/em><br><strong>Verona &gt; Stati Uniti<\/strong>&nbsp;<br>Trasferitosi negli Stati Uniti ancora bambino, \u00e8 diventato uno dei maggiori genetisti del Novecento.<br>Il Premio Nobel per la Medicina del 2007 gli \u00e8 stato assegnato per avere sviluppato tecniche che hanno rivoluzionato la ricerca biomedica e lo studio delle malattie genetiche.<\/p>\n\n\n\n<figure class=\"wp-block-image aligncenter size-full\"><img loading=\"lazy\" decoding=\"async\" width=\"1000\" height=\"1000\" src=\"https:\/\/www.mevapp.it\/wp-content\/uploads\/2026\/06\/MEV_Veneti-famosi_28.png\" alt=\"\" class=\"wp-image-100445\" srcset=\"https:\/\/www.mevapp.it\/wp-content\/uploads\/2026\/06\/MEV_Veneti-famosi_28.png 1000w, https:\/\/www.mevapp.it\/wp-content\/uploads\/2026\/06\/MEV_Veneti-famosi_28-980x980.png 980w, https:\/\/www.mevapp.it\/wp-content\/uploads\/2026\/06\/MEV_Veneti-famosi_28-480x480.png 480w\" sizes=\"(min-width: 0px) and (max-width: 480px) 480px, (min-width: 481px) and (max-width: 980px) 980px, (min-width: 981px) 1000px, 100vw\" \/><\/figure>\n\n\n\n<p class=\"wp-block-paragraph\"><strong>Federico Faggin<\/strong> (n. 1941): fisico, inventore, imprenditore<br><em>Il padre del microprocessore, pioniere della Silicon Valley<\/em><br><strong>Vicenza &gt; California (Stati Uniti)<\/strong>&nbsp;<br>Fisico, inventore e imprenditore vicentino, ha progettato il primo microprocessore commerciale della storia, contribuendo alla nascita dell'informatica moderna.<br>La sua attivit\u00e0 nella Silicon Valley lo ha reso uno dei protagonisti della rivoluzione digitale.<br>Oggi si dedica ad affascinanti studi, tra scienza e filosofia, dedicati al tema della coscienza.&nbsp;<\/p>\n\n\n\n<figure class=\"wp-block-image aligncenter size-full\"><img loading=\"lazy\" decoding=\"async\" width=\"1000\" height=\"1000\" src=\"https:\/\/www.mevapp.it\/wp-content\/uploads\/2026\/06\/MEV_Veneti-famosi_29.png\" alt=\"\" class=\"wp-image-100446\" srcset=\"https:\/\/www.mevapp.it\/wp-content\/uploads\/2026\/06\/MEV_Veneti-famosi_29.png 1000w, https:\/\/www.mevapp.it\/wp-content\/uploads\/2026\/06\/MEV_Veneti-famosi_29-980x980.png 980w, https:\/\/www.mevapp.it\/wp-content\/uploads\/2026\/06\/MEV_Veneti-famosi_29-480x480.png 480w\" sizes=\"(min-width: 0px) and (max-width: 480px) 480px, (min-width: 481px) and (max-width: 980px) 980px, (min-width: 981px) 1000px, 100vw\" \/><\/figure>\n\n\n\n<p class=\"wp-block-paragraph\"><strong>Carlo Rovelli <\/strong>(n. 1956): fisico, divulgatore scientifico<br><em>L'esploratore della gravit\u00e0 quantistica<\/em><br><strong>Verona &gt; Stati Uniti, Francia<\/strong>&nbsp;<br>Fisico e divulgatore veronese, \u00e8 tra i maggiori studiosi della gravit\u00e0 quantistica.<br>Le sue ricerche e i suoi libri hanno contribuito ad avvicinare milioni di lettori ai grandi interrogativi della fisica contemporanea e alla comprensione dell'universo.<\/p>\n\n\n\n<figure class=\"wp-block-image aligncenter size-full\"><img loading=\"lazy\" decoding=\"async\" width=\"1000\" height=\"1000\" src=\"https:\/\/www.mevapp.it\/wp-content\/uploads\/2026\/06\/MEV_Veneti-famosi_31.png\" alt=\"\" class=\"wp-image-100447\" srcset=\"https:\/\/www.mevapp.it\/wp-content\/uploads\/2026\/06\/MEV_Veneti-famosi_31.png 1000w, https:\/\/www.mevapp.it\/wp-content\/uploads\/2026\/06\/MEV_Veneti-famosi_31-980x980.png 980w, https:\/\/www.mevapp.it\/wp-content\/uploads\/2026\/06\/MEV_Veneti-famosi_31-480x480.png 480w\" sizes=\"(min-width: 0px) and (max-width: 480px) 480px, (min-width: 481px) and (max-width: 980px) 980px, (min-width: 981px) 1000px, 100vw\" \/><\/figure>\n\n\n\n<p class=\"wp-block-paragraph\"><strong>Pietro Cardin - Pierre Cardin <\/strong>(1922 - 2020): stilista, imprenditore<br><em>Il visionario della <\/em>haute couture<em> diventato un brand<br><\/em><strong>San Biagio di Callalta (Treviso) &gt; Francia<br><\/strong>Partito bambino dalla provincia di Treviso, \u00e8 diventato uno dei pi\u00f9 influenti stilisti del Novecento. <br>Con uno stile innovativo e uno straordinario intuito imprenditoriale, ha saputo trasformare il proprio nome in un marchio conosciuto in tutto il mondo.&nbsp;<\/p>\n\n\n\n<figure class=\"wp-block-image aligncenter size-full\"><img loading=\"lazy\" decoding=\"async\" width=\"1000\" height=\"1000\" src=\"https:\/\/www.mevapp.it\/wp-content\/uploads\/2026\/06\/MEV_Veneti-famosi_32.png\" alt=\"\" class=\"wp-image-100448\" srcset=\"https:\/\/www.mevapp.it\/wp-content\/uploads\/2026\/06\/MEV_Veneti-famosi_32.png 1000w, https:\/\/www.mevapp.it\/wp-content\/uploads\/2026\/06\/MEV_Veneti-famosi_32-980x980.png 980w, https:\/\/www.mevapp.it\/wp-content\/uploads\/2026\/06\/MEV_Veneti-famosi_32-480x480.png 480w\" sizes=\"(min-width: 0px) and (max-width: 480px) 480px, (min-width: 481px) and (max-width: 980px) 980px, (min-width: 981px) 1000px, 100vw\" \/><\/figure>\n\n\n\n<p class=\"wp-block-paragraph\"><strong>Geremia Grandelis <\/strong>(1869 - 1929): scultore<br><em>L'artista delle Dolomiti che scolp\u00ec Washington<\/em><br><strong>Campolongo di Santo Stefano di Cadore (Belluno) &gt; Stati Uniti<\/strong><br>Scultore bellunese emigrato negli Stati Uniti, port\u00f2 la tradizione artistica delle Dolomiti oltreoceano. <br>La sua opera ha contribuito a impreziosire edifici e spazi pubblici americani, tra cui il Lincoln Memorial di Washington, dove affianc\u00f2 il capo scultore Daniel Chester French.<\/p>\n\n\n\n<figure class=\"wp-block-image aligncenter size-full\"><img loading=\"lazy\" decoding=\"async\" width=\"1000\" height=\"1000\" src=\"https:\/\/www.mevapp.it\/wp-content\/uploads\/2026\/06\/MEV_Veneti-famosi_33.png\" alt=\"\" class=\"wp-image-100449\" srcset=\"https:\/\/www.mevapp.it\/wp-content\/uploads\/2026\/06\/MEV_Veneti-famosi_33.png 1000w, https:\/\/www.mevapp.it\/wp-content\/uploads\/2026\/06\/MEV_Veneti-famosi_33-980x980.png 980w, https:\/\/www.mevapp.it\/wp-content\/uploads\/2026\/06\/MEV_Veneti-famosi_33-480x480.png 480w\" sizes=\"(min-width: 0px) and (max-width: 480px) 480px, (min-width: 481px) and (max-width: 980px) 980px, (min-width: 981px) 1000px, 100vw\" \/><\/figure>\n\n\n\n<p class=\"wp-block-paragraph\"><strong>Candido Portinari<\/strong> (1903 - 1962): pittore&nbsp;<br><em>Il \"Michelangelo\" brasiliano del Novecento<\/em><br><strong>Nato a Brodowski (Brasile), originario di Chiampo e Tezze sul Brenta (Vicenza)<br><\/strong>Figlio di emigrati veneti in Brasile, \u00e8 considerato il pi\u00f9 importante pittore brasiliano del Novecento. <br>Le sue opere raccontano con straordinaria forza la vita, il lavoro e le speranze della gente comune, diventando un simbolo dell'arte latinoamericana. Con i suoi murales e i suoi dipinti ha contribuito a costruire l'identit\u00e0 artistica del Brasile moderno. <br>Si colloca tra i giganti dell'arte contemporanea.<\/p>\n\n\n\n<figure class=\"wp-block-image aligncenter size-full\"><img loading=\"lazy\" decoding=\"async\" width=\"1000\" height=\"1000\" src=\"https:\/\/www.mevapp.it\/wp-content\/uploads\/2026\/06\/MEV_Veneti-famosi_34.png\" alt=\"\" class=\"wp-image-100450\" srcset=\"https:\/\/www.mevapp.it\/wp-content\/uploads\/2026\/06\/MEV_Veneti-famosi_34.png 1000w, https:\/\/www.mevapp.it\/wp-content\/uploads\/2026\/06\/MEV_Veneti-famosi_34-980x980.png 980w, https:\/\/www.mevapp.it\/wp-content\/uploads\/2026\/06\/MEV_Veneti-famosi_34-480x480.png 480w\" sizes=\"(min-width: 0px) and (max-width: 480px) 480px, (min-width: 481px) and (max-width: 980px) 980px, (min-width: 981px) 1000px, 100vw\" \/><\/figure>\n\n\n\n<p class=\"wp-block-paragraph\"><strong>Albert Uderzo&nbsp; <\/strong>(1927 - 2020): fumettista disegnatore<br><em>Il \"pap\u00e0\" di Asterix e Obelix\" (con Ren\u00e9 Goscinny)<\/em><br><strong>Nato a Fismes (Francia), originario di Piovene Rocchette (Vicenza) <\/strong>&nbsp;<br>Figlio di emigrati veneti in Francia, ha dato vita, insieme a Ren\u00e9 Goscinny, ai personaggi di Asterix e Obelix. <br>Le 39 storie, realizzate con i suoi 14.000 disegni, hanno conquistato milioni di lettori, facendo del fumetto europeo uno dei linguaggi pi\u00f9 popolari del Novecento.<\/p>\n\n\n\n<p class=\"has-medium-font-size wp-block-paragraph\"><strong>IMPRENDITORI<\/strong><\/p>\n\n\n\n<p class=\"wp-block-paragraph\">L'emigrazione veneta ha generato innovazione, in tutti i campi. C'\u00e8 chi ha cambiato il modo di scavare gallerie o di portare il vino a destinazione. Chi ha inventato oggetti e prodotti di uso quotidiano e planetario, come il cono gelato. Chi ha creato marchi globali, che hanno modificato il modo di percepire i prodotti. Chi ha costruito teatri, fabbriche, quartieri, citt\u00e0, immaginando un&nbsp; mondo che non c'era. E chi ancora, in straordinario anticipo sui tempi, ha investito le risorse generate dalla vendita di un rinomato amaro, per spingersi verso le frontiere ancora avveniristiche dell'intelligenza artificiale.<\/p>\n\n\n\n<figure class=\"wp-block-image aligncenter size-full\"><img loading=\"lazy\" decoding=\"async\" width=\"1000\" height=\"1000\" src=\"https:\/\/www.mevapp.it\/wp-content\/uploads\/2026\/06\/MEV_Veneti-famosi_36.png\" alt=\"\" class=\"wp-image-100451\" srcset=\"https:\/\/www.mevapp.it\/wp-content\/uploads\/2026\/06\/MEV_Veneti-famosi_36.png 1000w, https:\/\/www.mevapp.it\/wp-content\/uploads\/2026\/06\/MEV_Veneti-famosi_36-980x980.png 980w, https:\/\/www.mevapp.it\/wp-content\/uploads\/2026\/06\/MEV_Veneti-famosi_36-480x480.png 480w\" sizes=\"(min-width: 0px) and (max-width: 480px) 480px, (min-width: 481px) and (max-width: 980px) 980px, (min-width: 981px) 1000px, 100vw\" \/><\/figure>\n\n\n\n<p class=\"wp-block-paragraph\"><strong>Primo Capraro <\/strong>(1875 - 1933): costruttore<br><em>Il fondatore di Bariloche, la \"perla della Patagonia\"<\/em><br><strong>Castion di Belluno &gt; San Carlos de Bariloche (Argentina)<\/strong>&nbsp;<br>Muratore, commerciante, albergatore e costruttore bellunese, fu tra i principali protagonisti dello sviluppo di San Carlos de Bariloche. Con il suo sguardo visionario e il suo spirito d'iniziativa eclettico&nbsp;contribu\u00ec a trasformare un piccolo insediamento nella futura \"perla della Patagonia\".<\/p>\n\n\n\n<figure class=\"wp-block-image aligncenter size-full\"><img loading=\"lazy\" decoding=\"async\" width=\"1000\" height=\"1000\" src=\"https:\/\/www.mevapp.it\/wp-content\/uploads\/2026\/06\/MEV_Veneti-famosi_37.png\" alt=\"\" class=\"wp-image-100452\" srcset=\"https:\/\/www.mevapp.it\/wp-content\/uploads\/2026\/06\/MEV_Veneti-famosi_37.png 1000w, https:\/\/www.mevapp.it\/wp-content\/uploads\/2026\/06\/MEV_Veneti-famosi_37-980x980.png 980w, https:\/\/www.mevapp.it\/wp-content\/uploads\/2026\/06\/MEV_Veneti-famosi_37-480x480.png 480w\" sizes=\"(min-width: 0px) and (max-width: 480px) 480px, (min-width: 481px) and (max-width: 980px) 980px, (min-width: 981px) 1000px, 100vw\" \/><\/figure>\n\n\n\n<p class=\"wp-block-paragraph\"><strong>Ruggero Bauli <\/strong>(1895 - 1985): pasticcere, imprenditore<br><em>Il superstite del naufragio del <\/em>Mafalda<em> che fond\u00f2 l'impero del pandoro&nbsp;<br><\/em><strong>Nogara (Verona) &gt; Argentina<\/strong><br>Emigrato in Argentina, sopravvisse al tragico naufragio del piroscafo <em>Mafalda<\/em>.<br>Tornato in Italia, trasform\u00f2 l'esperienza maturata all'estero in una grande impresa dolciaria, facendo del pandoro Bauli un marchio conosciuto in tutto il mondo.<\/p>\n\n\n\n<figure class=\"wp-block-image aligncenter size-full\"><img loading=\"lazy\" decoding=\"async\" width=\"1000\" height=\"1000\" src=\"https:\/\/www.mevapp.it\/wp-content\/uploads\/2026\/06\/MEV_Veneti-famosi_50.png\" alt=\"\" class=\"wp-image-100465\" srcset=\"https:\/\/www.mevapp.it\/wp-content\/uploads\/2026\/06\/MEV_Veneti-famosi_50.png 1000w, https:\/\/www.mevapp.it\/wp-content\/uploads\/2026\/06\/MEV_Veneti-famosi_50-980x980.png 980w, https:\/\/www.mevapp.it\/wp-content\/uploads\/2026\/06\/MEV_Veneti-famosi_50-480x480.png 480w\" sizes=\"(min-width: 0px) and (max-width: 480px) 480px, (min-width: 481px) and (max-width: 980px) 980px, (min-width: 981px) 1000px, 100vw\" \/><figcaption class=\"wp-element-caption\"><br>Francesco Barcelloni Corte (a sinistra) con L\u00e1szl\u00f3 J\u00f3zsef B\u00edr\u00f3, l\u2019inventore ungherese della biro, anche lui emigrato in Argentina&nbsp;<\/figcaption><\/figure>\n\n\n\n<p class=\"wp-block-paragraph\"><strong>Francesco Barcelloni Corte <\/strong>(1923 - 2009): imprenditore<br><em>Il \"re della penna a sfera\" che affascin\u00f2 B\u00edr\u00f3<\/em><br><strong>Belluno &gt; Argentina<br><\/strong>Bellunese emigrato in Argentina, rivoluzion\u00f2 la produzione della penna a sfera con soluzioni tecniche innovative.<br>Le sue intuizioni imprenditoriali gli valsero la stima e la collaborazione dello stesso L\u00e1szl\u00f3 B\u00edr\u00f3, inventore della biro, anche lui emigrato in Argentina.<\/p>\n\n\n\n<figure class=\"wp-block-image aligncenter size-full\"><img loading=\"lazy\" decoding=\"async\" width=\"1000\" height=\"1000\" src=\"https:\/\/www.mevapp.it\/wp-content\/uploads\/2026\/06\/MEV_Veneti-famosi_38.png\" alt=\"\" class=\"wp-image-100453\" srcset=\"https:\/\/www.mevapp.it\/wp-content\/uploads\/2026\/06\/MEV_Veneti-famosi_38.png 1000w, https:\/\/www.mevapp.it\/wp-content\/uploads\/2026\/06\/MEV_Veneti-famosi_38-980x980.png 980w, https:\/\/www.mevapp.it\/wp-content\/uploads\/2026\/06\/MEV_Veneti-famosi_38-480x480.png 480w\" sizes=\"(min-width: 0px) and (max-width: 480px) 480px, (min-width: 481px) and (max-width: 980px) 980px, (min-width: 981px) 1000px, 100vw\" \/><\/figure>\n\n\n\n<p class=\"wp-block-paragraph\"><strong>Angelo Dalle Molle <\/strong>(1908 - 2001): imprenditore, mecenate<br><em>Il re del Cynar che invest\u00ec sul futuro dell'intelligenza artificiale<\/em><br><strong>Mestre (Venezia) &gt; Svizzera<br><\/strong>Imprenditore e mecenate veneziano, trasform\u00f2 il successo commerciale del Cynar in un'opportunit\u00e0 per sostenere ricerca, cultura e innovazione. Fu tra i primi imprenditori europei a investire in Svizzera negli studi sull'intelligenza artificiale.<\/p>\n\n\n\n<figure class=\"wp-block-image aligncenter size-full\"><img loading=\"lazy\" decoding=\"async\" width=\"1000\" height=\"1000\" src=\"https:\/\/www.mevapp.it\/wp-content\/uploads\/2026\/06\/MEV_Veneti-famosi_39.png\" alt=\"\" class=\"wp-image-100454\" srcset=\"https:\/\/www.mevapp.it\/wp-content\/uploads\/2026\/06\/MEV_Veneti-famosi_39.png 1000w, https:\/\/www.mevapp.it\/wp-content\/uploads\/2026\/06\/MEV_Veneti-famosi_39-980x980.png 980w, https:\/\/www.mevapp.it\/wp-content\/uploads\/2026\/06\/MEV_Veneti-famosi_39-480x480.png 480w\" sizes=\"(min-width: 0px) and (max-width: 480px) 480px, (min-width: 481px) and (max-width: 980px) 980px, (min-width: 981px) 1000px, 100vw\" \/><\/figure>\n\n\n\n<p class=\"wp-block-paragraph\"><strong>Louren\u00e7o Darcy Castellan (<\/strong>1930\u20132022): imprenditore<br><em>Il creatore della Florense, eccellenza brasiliana dell'arredamento<\/em><br><strong>Nato a Flores da Cunha - Rio Grande do Sul (Brasile), originario di Caldogno (Vicenza)<br><\/strong>Discendente di emigrati vicentini, fond\u00f2 la Florense, una delle pi\u00f9 prestigiose aziende brasiliane dell'arredamento di alta gamma, con vari stabilimenti e punti vendita. La sua storia racconta come il lavoro e il sapere artigianale italiani abbiano contribuito allo sviluppo industriale del Brasile.<\/p>\n\n\n\n<figure class=\"wp-block-image aligncenter size-full\"><img loading=\"lazy\" decoding=\"async\" width=\"1000\" height=\"1000\" src=\"https:\/\/www.mevapp.it\/wp-content\/uploads\/2026\/06\/MEV_Veneti-famosi_40.png\" alt=\"\" class=\"wp-image-100455\" srcset=\"https:\/\/www.mevapp.it\/wp-content\/uploads\/2026\/06\/MEV_Veneti-famosi_40.png 1000w, https:\/\/www.mevapp.it\/wp-content\/uploads\/2026\/06\/MEV_Veneti-famosi_40-980x980.png 980w, https:\/\/www.mevapp.it\/wp-content\/uploads\/2026\/06\/MEV_Veneti-famosi_40-480x480.png 480w\" sizes=\"(min-width: 0px) and (max-width: 480px) 480px, (min-width: 481px) and (max-width: 980px) 980px, (min-width: 981px) 1000px, 100vw\" \/><\/figure>\n\n\n\n<p class=\"wp-block-paragraph\"><strong>Luiz Fernando Furlan <\/strong>(n. 1946): imprenditore e politico<br><em>Imprenditore globale dell'agroalimentare e ministro del governo Lula<\/em>&nbsp;<br><strong>Nato a Conc\u00f3rdia - Santa Catarina (Brasile), di origini venete<\/strong><br>Discendente di emigrati veneti, \u00e8 presidente della SADIA S\/A, uno dei maggiori gruppi agroalimentari del Brasile, oggi presente nei mercati internazionali.<br>Alla carriera imprenditoriale ha affiancato l'impegno politico come ministro dello Sviluppo, dell'Industria e del Commercio Estero nel primo governo Lula (2003-2007).<\/p>\n\n\n\n<figure class=\"wp-block-image aligncenter size-full\"><img loading=\"lazy\" decoding=\"async\" width=\"1000\" height=\"1000\" src=\"https:\/\/www.mevapp.it\/wp-content\/uploads\/2026\/06\/MEV_Veneti-famosi_41.png\" alt=\"\" class=\"wp-image-100456\" srcset=\"https:\/\/www.mevapp.it\/wp-content\/uploads\/2026\/06\/MEV_Veneti-famosi_41.png 1000w, https:\/\/www.mevapp.it\/wp-content\/uploads\/2026\/06\/MEV_Veneti-famosi_41-980x980.png 980w, https:\/\/www.mevapp.it\/wp-content\/uploads\/2026\/06\/MEV_Veneti-famosi_41-480x480.png 480w\" sizes=\"(min-width: 0px) and (max-width: 480px) 480px, (min-width: 481px) and (max-width: 980px) 980px, (min-width: 981px) 1000px, 100vw\" \/><\/figure>\n\n\n\n<p class=\"wp-block-paragraph\"><strong>Riccardo Lovat <\/strong>(1928 - 2025): imprenditore<br><em>L'uomo che ha bucato il mondo con la talpa meccanica&nbsp;<br><\/em><strong>Sedico (Belluno) &gt; Canada<\/strong><br>Emigrato in Canada, svilupp\u00f2 una delle pi\u00f9 avanzate talpe meccaniche per lo scavo di gallerie.<br>Le sue macchine hanno contribuito alla realizzazione di metropolitane, trafori e grandi opere sotterranee in tutto il mondo.<\/p>\n\n\n\n<figure class=\"wp-block-image aligncenter size-full\"><img loading=\"lazy\" decoding=\"async\" width=\"1000\" height=\"1000\" src=\"https:\/\/www.mevapp.it\/wp-content\/uploads\/2026\/06\/MEV_Veneti-famosi_42.png\" alt=\"\" class=\"wp-image-100457\" srcset=\"https:\/\/www.mevapp.it\/wp-content\/uploads\/2026\/06\/MEV_Veneti-famosi_42.png 1000w, https:\/\/www.mevapp.it\/wp-content\/uploads\/2026\/06\/MEV_Veneti-famosi_42-980x980.png 980w, https:\/\/www.mevapp.it\/wp-content\/uploads\/2026\/06\/MEV_Veneti-famosi_42-480x480.png 480w\" sizes=\"(min-width: 0px) and (max-width: 480px) 480px, (min-width: 481px) and (max-width: 980px) 980px, (min-width: 981px) 1000px, 100vw\" \/><\/figure>\n\n\n\n<p class=\"wp-block-paragraph\"><strong>Geremia Lunardelli <\/strong>(1885 - 1962): imprenditore<br><em>O Rei do Caf\u00e9<\/em><br><strong>Mansu\u00e8 (Treviso) &gt; Brasile<\/strong><br>Partito dalla Marca trevigiana, costru\u00ec in Brasile uno dei pi\u00f9 grandi imperi del caff\u00e8. Conosciuto come <em>O Rei do Caf\u00e9<\/em>, ha contribuito allo sviluppo economico dello Stato di San Paolo e della moderna agricoltura brasiliana.<\/p>\n\n\n\n<figure class=\"wp-block-image aligncenter size-full\"><img loading=\"lazy\" decoding=\"async\" width=\"1000\" height=\"1000\" src=\"https:\/\/www.mevapp.it\/wp-content\/uploads\/2026\/06\/MEV_Veneti-famosi_43.png\" alt=\"\" class=\"wp-image-100458\" srcset=\"https:\/\/www.mevapp.it\/wp-content\/uploads\/2026\/06\/MEV_Veneti-famosi_43.png 1000w, https:\/\/www.mevapp.it\/wp-content\/uploads\/2026\/06\/MEV_Veneti-famosi_43-980x980.png 980w, https:\/\/www.mevapp.it\/wp-content\/uploads\/2026\/06\/MEV_Veneti-famosi_43-480x480.png 480w\" sizes=\"(min-width: 0px) and (max-width: 480px) 480px, (min-width: 481px) and (max-width: 980px) 980px, (min-width: 981px) 1000px, 100vw\" \/><\/figure>\n\n\n\n<p class=\"wp-block-paragraph\"><strong>Italo Marchioni (Marchiony) <\/strong>(1868 - 1954): inventore, imprenditore<em>Il cadorino che invent\u00f2 il cono gelato<\/em><strong><br>Peaio di Vodo di Cadore (Belluno) &gt; Stati Uniti<\/strong>&nbsp;<br>Emigrato negli Stati Uniti, brevett\u00f2 il sistema produttivo a stampi per la realizzazione di cialde alimentari, da cui \u00e8 nato il cono gelato. La sua invenzione ha contribuito a diffondere nel mondo una nuova modalit\u00e0 di consumo del gelato, oggi universalmente conosciuta e diventata decisiva per la diffusione e la vendita su scala planetaria di questo prodotto.<\/p>\n\n\n\n<figure class=\"wp-block-image aligncenter size-full\"><img loading=\"lazy\" decoding=\"async\" width=\"1000\" height=\"1000\" src=\"https:\/\/www.mevapp.it\/wp-content\/uploads\/2026\/06\/MEV_Veneti-famosi_44.png\" alt=\"\" class=\"wp-image-100459\" srcset=\"https:\/\/www.mevapp.it\/wp-content\/uploads\/2026\/06\/MEV_Veneti-famosi_44.png 1000w, https:\/\/www.mevapp.it\/wp-content\/uploads\/2026\/06\/MEV_Veneti-famosi_44-980x980.png 980w, https:\/\/www.mevapp.it\/wp-content\/uploads\/2026\/06\/MEV_Veneti-famosi_44-480x480.png 480w\" sizes=\"(min-width: 0px) and (max-width: 480px) 480px, (min-width: 481px) and (max-width: 980px) 980px, (min-width: 981px) 1000px, 100vw\" \/><\/figure>\n\n\n\n<p class=\"wp-block-paragraph\"><strong>Amedeo Voltejo Obici <\/strong>(1877 - 1947): imprenditore, filantropo <strong>&nbsp;<br><\/strong>The Peanuts King<em>: il re delle arachidi che non dimentic\u00f2 i bisognosi <\/em><strong><br>Oderzo (Treviso) &gt; Stati Uniti<\/strong>&nbsp;<br>Partito giovanissimo per gli Stati Uniti, fond\u00f2 una delle pi\u00f9 importanti industrie alimentari americane specializzate nelle arachidi. Imprenditore e filantropo, non dimentic\u00f2 mai le proprie origini n\u00e9 l'impegno verso le persone pi\u00f9 bisognose<\/p>\n\n\n\n<figure class=\"wp-block-image aligncenter size-full\"><img loading=\"lazy\" decoding=\"async\" width=\"1000\" height=\"1000\" src=\"https:\/\/www.mevapp.it\/wp-content\/uploads\/2026\/06\/MEV_Veneti-famosi_45.png\" alt=\"\" class=\"wp-image-100460\" srcset=\"https:\/\/www.mevapp.it\/wp-content\/uploads\/2026\/06\/MEV_Veneti-famosi_45.png 1000w, https:\/\/www.mevapp.it\/wp-content\/uploads\/2026\/06\/MEV_Veneti-famosi_45-980x980.png 980w, https:\/\/www.mevapp.it\/wp-content\/uploads\/2026\/06\/MEV_Veneti-famosi_45-480x480.png 480w\" sizes=\"(min-width: 0px) and (max-width: 480px) 480px, (min-width: 481px) and (max-width: 980px) 980px, (min-width: 981px) 1000px, 100vw\" \/><\/figure>\n\n\n\n<p class=\"wp-block-paragraph\"><strong>Francesco Saverio Pellizzari<\/strong> (1856 - 1931): imprenditore<br><em>Il costruttore del Teatro Col\u00f3n di Buenos Aires<br><\/em><strong>Sospirolo (Belluno) &gt; Argentina<\/strong><br>Emigrato in Argentina, partecip\u00f2 alla costruzione del Teatro Col\u00f3n di Buenos Aires, uno dei pi\u00f9 celebri teatri d'opera del mondo. <br>La sua impresa testimonia il contributo dei costruttori italiani allo sviluppo della capitale argentina.<\/p>\n\n\n\n<figure class=\"wp-block-image aligncenter size-full\"><img loading=\"lazy\" decoding=\"async\" width=\"1000\" height=\"1000\" src=\"https:\/\/www.mevapp.it\/wp-content\/uploads\/2026\/06\/MEV_Veneti-famosi_47.png\" alt=\"\" class=\"wp-image-100461\" srcset=\"https:\/\/www.mevapp.it\/wp-content\/uploads\/2026\/06\/MEV_Veneti-famosi_47.png 1000w, https:\/\/www.mevapp.it\/wp-content\/uploads\/2026\/06\/MEV_Veneti-famosi_47-980x980.png 980w, https:\/\/www.mevapp.it\/wp-content\/uploads\/2026\/06\/MEV_Veneti-famosi_47-480x480.png 480w\" sizes=\"(min-width: 0px) and (max-width: 480px) 480px, (min-width: 481px) and (max-width: 980px) 980px, (min-width: 981px) 1000px, 100vw\" \/><\/figure>\n\n\n\n<p class=\"wp-block-paragraph\"><strong>Elserino Mario Piol <\/strong>(1931 - 2023): dirigente d'azienda, <em>venture capitalist <\/em>&nbsp;<br><em>Da Olivetti a Omnitel: il visionario che scommise sul futuro digitale<br><\/em><strong>Limana (Belluno) &gt; Stati Uniti&nbsp;<\/strong><br>Bellunese, fu tra i protagonisti dell'innovazione tecnologica italiana. <br>Dopo l'esperienza in Olivetti contribu\u00ec alla nascita della telefonia mobile e sostenne, come <em>venture capitalist<\/em>, molte delle pi\u00f9 promettenti imprese digitali.<\/p>\n\n\n\n<figure class=\"wp-block-image aligncenter size-full\"><img loading=\"lazy\" decoding=\"async\" width=\"1000\" height=\"1000\" src=\"https:\/\/www.mevapp.it\/wp-content\/uploads\/2026\/06\/MEV_Veneti-famosi_46.png\" alt=\"\" class=\"wp-image-100462\" srcset=\"https:\/\/www.mevapp.it\/wp-content\/uploads\/2026\/06\/MEV_Veneti-famosi_46.png 1000w, https:\/\/www.mevapp.it\/wp-content\/uploads\/2026\/06\/MEV_Veneti-famosi_46-980x980.png 980w, https:\/\/www.mevapp.it\/wp-content\/uploads\/2026\/06\/MEV_Veneti-famosi_46-480x480.png 480w\" sizes=\"(min-width: 0px) and (max-width: 480px) 480px, (min-width: 481px) and (max-width: 980px) 980px, (min-width: 981px) 1000px, 100vw\" \/><\/figure>\n\n\n\n<p class=\"wp-block-paragraph\"><strong>Anna Pauletti Rech <\/strong>(1828 - 1916): imprenditrice<br><em>L'ostessa coraggiosa che piant\u00f2 il seme di una citt\u00e0 brasiliana<\/em><br><strong>Pren di Feltre (Belluno) &gt; Ana Rech (Brasile)<br><\/strong>Emigrata dal Bellunese nel Brasile meridionale, apr\u00ec un'osteria lungo la strada dei coloni italiani. <br>Attorno a quel punto di sosta nacque il nucleo abitato che avrebbe dato origine all'attuale villaggio di Ana Rech, oggi parte del comune di Caxias do Sul.<\/p>\n\n\n\n<figure class=\"wp-block-image aligncenter size-full\"><img loading=\"lazy\" decoding=\"async\" width=\"1000\" height=\"1000\" src=\"https:\/\/www.mevapp.it\/wp-content\/uploads\/2026\/06\/MEV_Veneti-famosi_48.png\" alt=\"\" class=\"wp-image-100463\" srcset=\"https:\/\/www.mevapp.it\/wp-content\/uploads\/2026\/06\/MEV_Veneti-famosi_48.png 1000w, https:\/\/www.mevapp.it\/wp-content\/uploads\/2026\/06\/MEV_Veneti-famosi_48-980x980.png 980w, https:\/\/www.mevapp.it\/wp-content\/uploads\/2026\/06\/MEV_Veneti-famosi_48-480x480.png 480w\" sizes=\"(min-width: 0px) and (max-width: 480px) 480px, (min-width: 481px) and (max-width: 980px) 980px, (min-width: 981px) 1000px, 100vw\" \/><figcaption class=\"wp-element-caption\"><br>Giuseppe Rubbi con la moglie Ines &nbsp;<\/figcaption><\/figure>\n\n\n\n<p class=\"wp-block-paragraph\"><strong>Giuseppe Rubbi<\/strong> (1873 - 1946): imprenditore<br><em>Il costruttore che cambi\u00f2 il volto di Cape Town<\/em><br><strong>Marostica (Vicenza) &gt; Sudafrica<\/strong>&nbsp;<br>Dopo un primo periodo in Argentina si stabil\u00ec a Citt\u00e0 del Capo, dove divenne uno dei pi\u00f9 importanti costruttori del Sudafrica. <br>Molti edifici che ancora oggi caratterizzano il volto della citt\u00e0 portano la firma della sua impresa.<\/p>\n\n\n\n<figure class=\"wp-block-image aligncenter size-full\"><img loading=\"lazy\" decoding=\"async\" width=\"1000\" height=\"1000\" src=\"https:\/\/www.mevapp.it\/wp-content\/uploads\/2026\/06\/MEV_Veneti-famosi_49.png\" alt=\"\" class=\"wp-image-100464\" srcset=\"https:\/\/www.mevapp.it\/wp-content\/uploads\/2026\/06\/MEV_Veneti-famosi_49.png 1000w, https:\/\/www.mevapp.it\/wp-content\/uploads\/2026\/06\/MEV_Veneti-famosi_49-980x980.png 980w, https:\/\/www.mevapp.it\/wp-content\/uploads\/2026\/06\/MEV_Veneti-famosi_49-480x480.png 480w\" sizes=\"(min-width: 0px) and (max-width: 480px) 480px, (min-width: 481px) and (max-width: 980px) 980px, (min-width: 981px) 1000px, 100vw\" \/><\/figure>\n\n\n\n<p class=\"wp-block-paragraph\"><strong>Antonio Tomba <\/strong>(1849 - 1899): imprenditore<br><em>Il \"re del vino\" che costru\u00ec un vinodotto e naufrag\u00f2 nell'Atlantico<\/em><br><strong>Valdagno (Vicenza) &gt; Argentina<\/strong><br>Emigrato a Mendoza, costru\u00ec uno dei pi\u00f9 importanti imperi vinicoli dell'Argentina. <br>Innovatore e imprenditore visionario, realizz\u00f2 un originale vinodotto verso la ferrovia e fu ricordato come il \"re del vino\", prima di morire nel naufragio che lo riportava in Italia.<br><\/p>\n\n\n\n<p class=\"has-medium-font-size wp-block-paragraph\"><strong>CAMPIONI DELLO SPORT<\/strong><\/p>\n\n\n\n<p class=\"wp-block-paragraph\">Attraverso lo sport, e in particolare il calcio, \u00e8 stato possibile creare un ponte che collega momenti lontani dell'emigrazione veneta, l'ieri e l'oggi. Straordinarie le storie di tanti calciatori brasiliani di origine veneta che sono ritornati in Italia. <br>Alcuni di loro sono stati naturalizzati italiani e hanno potuto perfino indossare la maglia azzurra.<br>Oriundi riportati alle radici, grazie alla forza dello sport.&nbsp;<\/p>\n\n\n\n<figure class=\"wp-block-image aligncenter size-full\"><img loading=\"lazy\" decoding=\"async\" width=\"1000\" height=\"1000\" src=\"https:\/\/www.mevapp.it\/wp-content\/uploads\/2026\/06\/MEV_Veneti-famosi_52.png\" alt=\"\" class=\"wp-image-100466\" srcset=\"https:\/\/www.mevapp.it\/wp-content\/uploads\/2026\/06\/MEV_Veneti-famosi_52.png 1000w, https:\/\/www.mevapp.it\/wp-content\/uploads\/2026\/06\/MEV_Veneti-famosi_52-980x980.png 980w, https:\/\/www.mevapp.it\/wp-content\/uploads\/2026\/06\/MEV_Veneti-famosi_52-480x480.png 480w\" sizes=\"(min-width: 0px) and (max-width: 480px) 480px, (min-width: 481px) and (max-width: 980px) 980px, (min-width: 981px) 1000px, 100vw\" \/><\/figure>\n\n\n\n<p class=\"wp-block-paragraph\"><strong>Jos\u00e9 Altafini <\/strong>(n. 1939): calciatore e telecronista del <em>gola\u00e7o<\/em><br><em>Il centravanti che gioc\u00f2 con la <\/em>Sele\u00e7\u00e3o<em> brasiliana e la Nazionale azzurra<\/em><br><strong>Nato a Piracicaba (Brasile), originario di Giacciano con Baruchella (Rovigo), naturalizzato italiano<\/strong><br>Figlio di emigrati polesani, \u00e8 stato uno tra i pochi calciatori a vestire sia la maglia del Brasile sia quella dell'Italia. Protagonista del calcio internazionale, ha contribuito a rafforzare il legame sportivo tra i due Paesi. <br>Si \u00e8 anche distinto come telecronista televisivo per il suo stile simpatico ed energico.<\/p>\n\n\n\n<figure class=\"wp-block-image aligncenter size-full\"><img loading=\"lazy\" decoding=\"async\" width=\"1000\" height=\"1000\" src=\"https:\/\/www.mevapp.it\/wp-content\/uploads\/2026\/06\/MEV_Veneti-famosi_53.png\" alt=\"\" class=\"wp-image-100467\" srcset=\"https:\/\/www.mevapp.it\/wp-content\/uploads\/2026\/06\/MEV_Veneti-famosi_53.png 1000w, https:\/\/www.mevapp.it\/wp-content\/uploads\/2026\/06\/MEV_Veneti-famosi_53-980x980.png 980w, https:\/\/www.mevapp.it\/wp-content\/uploads\/2026\/06\/MEV_Veneti-famosi_53-480x480.png 480w\" sizes=\"(min-width: 0px) and (max-width: 480px) 480px, (min-width: 481px) and (max-width: 980px) 980px, (min-width: 981px) 1000px, 100vw\" \/><\/figure>\n\n\n\n<p class=\"wp-block-paragraph\"><strong>\u00c9der Citadin Martins<\/strong> (n. 1986): calciatore<br><em>Il 43\u00b0 oriundo della Nazionale azzurra<\/em><br><strong>Nato a Lauro M\u00fcller (Brasile), originario di Nove (Vicenza), naturalizzato italiano<br><\/strong>Nato in Brasile da una famiglia vicentina, ha scelto di rappresentare l'Italia, diventando uno degli oriundi della Nazionale azzurra. <br>La sua storia testimonia come le radici dell'emigrazione continuino a riaffiorare anche nelle nuove generazioni.<\/p>\n\n\n\n<figure class=\"wp-block-image aligncenter size-full\"><img loading=\"lazy\" decoding=\"async\" width=\"1000\" height=\"1000\" src=\"https:\/\/www.mevapp.it\/wp-content\/uploads\/2026\/06\/MEV_Veneti-famosi_54.png\" alt=\"\" class=\"wp-image-100468\" srcset=\"https:\/\/www.mevapp.it\/wp-content\/uploads\/2026\/06\/MEV_Veneti-famosi_54.png 1000w, https:\/\/www.mevapp.it\/wp-content\/uploads\/2026\/06\/MEV_Veneti-famosi_54-980x980.png 980w, https:\/\/www.mevapp.it\/wp-content\/uploads\/2026\/06\/MEV_Veneti-famosi_54-480x480.png 480w\" sizes=\"(min-width: 0px) and (max-width: 480px) 480px, (min-width: 481px) and (max-width: 980px) 980px, (min-width: 981px) 1000px, 100vw\" \/><\/figure>\n\n\n\n<p class=\"wp-block-paragraph\"><strong>Jorge Luiz Frello Filho - Jorginho <\/strong>&nbsp;(n. 1991): calciatore<br><em>Il regista della Nazionale italiana Campione d'Europa 2021<\/em><br><strong>Nato a Imbituba (Brasile), originario di Santa Caterina (Vicenza), naturalizzato italiano<\/strong><br>Discendente di emigrati veneti, \u00e8 diventato uno dei centrocampisti pi\u00f9 apprezzati del calcio europeo. <br>Con la Nazionale italiana ha conquistato l'Europeo del 2021, riportando in azzurro una storia iniziata oltreoceano<\/p>\n\n\n\n<figure class=\"wp-block-image aligncenter size-full\"><img loading=\"lazy\" decoding=\"async\" width=\"1000\" height=\"1000\" src=\"https:\/\/www.mevapp.it\/wp-content\/uploads\/2026\/06\/MEV_Veneti-famosi_55.png\" alt=\"\" class=\"wp-image-100469\" srcset=\"https:\/\/www.mevapp.it\/wp-content\/uploads\/2026\/06\/MEV_Veneti-famosi_55.png 1000w, https:\/\/www.mevapp.it\/wp-content\/uploads\/2026\/06\/MEV_Veneti-famosi_55-980x980.png 980w, https:\/\/www.mevapp.it\/wp-content\/uploads\/2026\/06\/MEV_Veneti-famosi_55-480x480.png 480w\" sizes=\"(min-width: 0px) and (max-width: 480px) 480px, (min-width: 481px) and (max-width: 980px) 980px, (min-width: 981px) 1000px, 100vw\" \/><\/figure>\n\n\n\n<p class=\"wp-block-paragraph\"><strong>Luiz Felipe Scolari <\/strong>(n. 1948): allenatore di calcio e dirigente sportivo<br><em>Il CT della <\/em>Sele\u00e7\u00e3o<em> brasiliana campione del mondo 2002<\/em><br><strong>Nato a Passo Fundo (Brasile), originario di Cologna Veneta (Verona)<\/strong><br>Discendente della grande emigrazione veneta in Brasile, \u00e8 entrato nella storia del calcio come commissario tecnico della Sele\u00e7\u00e3o di Ronaldo, campione del mondo nel 2002. La sua carriera testimonia il profondo contributo degli oriundi italiani allo sport brasiliano.<\/p>\n\n\n\n<figure class=\"wp-block-image aligncenter size-full\"><img loading=\"lazy\" decoding=\"async\" width=\"1000\" height=\"1000\" src=\"https:\/\/www.mevapp.it\/wp-content\/uploads\/2026\/06\/MEV_Veneti-famosi_56.png\" alt=\"\" class=\"wp-image-100470\" srcset=\"https:\/\/www.mevapp.it\/wp-content\/uploads\/2026\/06\/MEV_Veneti-famosi_56.png 1000w, https:\/\/www.mevapp.it\/wp-content\/uploads\/2026\/06\/MEV_Veneti-famosi_56-980x980.png 980w, https:\/\/www.mevapp.it\/wp-content\/uploads\/2026\/06\/MEV_Veneti-famosi_56-480x480.png 480w\" sizes=\"(min-width: 0px) and (max-width: 480px) 480px, (min-width: 481px) and (max-width: 980px) 980px, (min-width: 981px) 1000px, 100vw\" \/><\/figure>\n\n\n\n<p class=\"wp-block-paragraph\"><strong>Cl\u00e1udio Andr\u00e9 Mergen Taffarel <\/strong>(n. 1966): calciatore, preparatore<br><em>ll portiere che ferm\u00f2 l'Italia ai rigori nella finale di USA '94<\/em><br><strong>Nato a Santa Rosa (Brasile), originario di Fregona (Treviso)<br><\/strong>Discendente di emigrati trevigiani, \u00e8 considerato uno dei pi\u00f9 grandi portieri della storia del Brasile.<br>Il rigore da lui parato a Daniele Massaro nella finale mondiale del 1994 contro l'Italia \u00e8 diventato il simbolo di una sfida che ha riportato idealmente i discendenti dell'emigrazione italiana di fronte al Paese d'origine.&nbsp;<\/p>\n\n\n\n<figure class=\"wp-block-image aligncenter size-full\"><img loading=\"lazy\" decoding=\"async\" width=\"1000\" height=\"1000\" src=\"https:\/\/www.mevapp.it\/wp-content\/uploads\/2026\/06\/MEV_Veneti-famosi_57.png\" alt=\"\" class=\"wp-image-100471\" srcset=\"https:\/\/www.mevapp.it\/wp-content\/uploads\/2026\/06\/MEV_Veneti-famosi_57.png 1000w, https:\/\/www.mevapp.it\/wp-content\/uploads\/2026\/06\/MEV_Veneti-famosi_57-980x980.png 980w, https:\/\/www.mevapp.it\/wp-content\/uploads\/2026\/06\/MEV_Veneti-famosi_57-480x480.png 480w\" sizes=\"(min-width: 0px) and (max-width: 480px) 480px, (min-width: 481px) and (max-width: 980px) 980px, (min-width: 981px) 1000px, 100vw\" \/><\/figure>\n\n\n\n<p class=\"wp-block-paragraph\"><strong>Maria Antonietta Avanzo <\/strong>(1889 - 1977): pilota automobilistica, imprenditrice<br><em>La baronessa pilota che trasform\u00f2 una foresta in una fattoria modello<\/em><br><strong>Contarina (Rovigo) &gt; Australia<\/strong><br>Pilota automobilistica e imprenditrice, fu una delle prime donne a competere nelle grandi corse internazionali. <br>Trasferitasi in Australia, dimostr\u00f2 lo stesso coraggio come imprenditrice, trasformando una vasta propriet\u00e0 agricola in un'azienda modello.<\/p>\n\n\n\n<figure class=\"wp-block-image aligncenter size-full\"><img loading=\"lazy\" decoding=\"async\" width=\"1000\" height=\"1000\" src=\"https:\/\/www.mevapp.it\/wp-content\/uploads\/2026\/06\/MEV_Veneti-famosi_58.png\" alt=\"\" class=\"wp-image-100472\" srcset=\"https:\/\/www.mevapp.it\/wp-content\/uploads\/2026\/06\/MEV_Veneti-famosi_58.png 1000w, https:\/\/www.mevapp.it\/wp-content\/uploads\/2026\/06\/MEV_Veneti-famosi_58-980x980.png 980w, https:\/\/www.mevapp.it\/wp-content\/uploads\/2026\/06\/MEV_Veneti-famosi_58-480x480.png 480w\" sizes=\"(min-width: 0px) and (max-width: 480px) 480px, (min-width: 481px) and (max-width: 980px) 980px, (min-width: 981px) 1000px, 100vw\" \/><\/figure>\n\n\n\n<p class=\"wp-block-paragraph\"><em><strong>Rubens Gon\u00e7alves Barrichello <\/strong><\/em>(n. 1972): pilota automobilistico<br><em>Un protagonista dell'epoca d'oro della Ferrari<\/em><br><strong>Nato a San Paolo (Brasile), originario di Castello di Godego e Riese Pio X (Treviso)<\/strong><br>Discendente di emigrati trevigiani, \u00e8 stato uno dei protagonisti della Formula 1 moderna. <br>Con la Ferrari ha condiviso una delle stagioni pi\u00f9 vincenti della scuderia, al fianco di Michael Schumacher.&nbsp; <br>Ha vinto undici gran premi ed \u00e8 stato per due volte vice campione del mondo.<\/p>\n\n\n\n<blockquote class=\"wp-block-quote is-layout-flow wp-block-quote-is-layout-flow\">\n<p class=\"has-medium-font-size wp-block-paragraph\">Della foltissima schiera di veneti che hanno lasciato e continuano a lasciare il proprio segno nel mondo abbiamo scelto solo alcuni emblematici protagonisti.<br>Impossibile ricordarli e raccontarli tutti.<strong><br>Lasciamo a voi la curiosit\u00e0 e la sfida di approfondire e continuare questa ricerca<\/strong>.<\/p>\n<\/blockquote>\n\n\n\n<p class=\"wp-block-paragraph\"><\/p>\n","protected":false},"excerpt":{"rendered":"<p>I COSMOPOLITI, FIGLI DI VENEZIA I veneti non sono stati soltanto emigranti. Sono stati anzitutto grandi esploratori e navigatori, mercanti visionari e artisti cosmopoliti, spinti dalla madre Venezia a superare limiti e confini, a guardare oltre: verso gli orizzonti dell&#8217;oriente, come fece Marco Polo, o al di l\u00e0 dell&#8217;oceano,&nbsp; come fecero i Caboto. I veneti [&hellip;]<\/p>\n","protected":false},"author":2,"featured_media":0,"comment_status":"open","ping_status":"open","sticky":false,"template":"","format":"standard","meta":{"footnotes":""},"categories":[10,16,5],"tags":[],"class_list":["post-917","post","type-post","status-publish","format-standard","hentry","category-approfondimenti-mev","category-stanza-4-lavorare","category-stanze"],"_links":{"self":[{"href":"https:\/\/www.mevapp.it\/index.php\/wp-json\/wp\/v2\/posts\/917","targetHints":{"allow":["GET"]}}],"collection":[{"href":"https:\/\/www.mevapp.it\/index.php\/wp-json\/wp\/v2\/posts"}],"about":[{"href":"https:\/\/www.mevapp.it\/index.php\/wp-json\/wp\/v2\/types\/post"}],"author":[{"embeddable":true,"href":"https:\/\/www.mevapp.it\/index.php\/wp-json\/wp\/v2\/users\/2"}],"replies":[{"embeddable":true,"href":"https:\/\/www.mevapp.it\/index.php\/wp-json\/wp\/v2\/comments?post=917"}],"version-history":[{"count":8,"href":"https:\/\/www.mevapp.it\/index.php\/wp-json\/wp\/v2\/posts\/917\/revisions"}],"predecessor-version":[{"id":100485,"href":"https:\/\/www.mevapp.it\/index.php\/wp-json\/wp\/v2\/posts\/917\/revisions\/100485"}],"wp:attachment":[{"href":"https:\/\/www.mevapp.it\/index.php\/wp-json\/wp\/v2\/media?parent=917"}],"wp:term":[{"taxonomy":"category","embeddable":true,"href":"https:\/\/www.mevapp.it\/index.php\/wp-json\/wp\/v2\/categories?post=917"},{"taxonomy":"post_tag","embeddable":true,"href":"https:\/\/www.mevapp.it\/index.php\/wp-json\/wp\/v2\/tags?post=917"}],"curies":[{"name":"wp","href":"https:\/\/api.w.org\/{rel}","templated":true}]}}