{"id":885,"date":"2026-05-11T12:30:40","date_gmt":"2026-05-11T12:30:40","guid":{"rendered":"https:\/\/www.mevapp.it\/?p=885"},"modified":"2026-06-30T14:01:41","modified_gmt":"2026-06-30T14:01:41","slug":"emigrazione-interna-un-fenomeno-che-ha-costruito-litalia","status":"publish","type":"post","link":"https:\/\/www.mevapp.it\/index.php\/2026\/05\/11\/emigrazione-interna-un-fenomeno-che-ha-costruito-litalia\/","title":{"rendered":"Emigrazione interna: un fenomeno che ha costruito l&#8217;Italia"},"content":{"rendered":"\n<p class=\"wp-block-paragraph\">Quando si parla di emigrazione italiana si pensa quasi sempre agli espatri. Eppure, accanto alle grandi partenze verso le Americhe, l'Europa o l'Australia, \u00e8 esistito e continua a esistere un altro imponente fenomeno migratorio: quello degli <strong>spostamenti all'interno dei confini nazionali<\/strong>.<br>I dati dell'ISTAT consentono oggi di misurarne l'entit\u00e0.<br>Tra il 2001 e il 2024 circa <strong>7,8 milioni di persone<\/strong> hanno cambiato regione di residenza.<br>In sette regioni \u2013 Campania, Sicilia, Puglia, Calabria, Basilicata, Molise e Sardegna \u2013 le partenze hanno superato gli arrivi; nelle altre tredici il saldo \u00e8 stato positivo. La Campania registra il dato negativo pi\u00f9 elevato (-472.000 residenti), mentre Lombardia (+329.000), Emilia-Romagna (+308.000), Toscana (+131.000) e Veneto (+108.000) sono oggi tra le regioni pi\u00f9 attrattive.<\/p>\n\n\n\n<p class=\"wp-block-paragraph\">Questa realt\u00e0, tuttavia, affonda le proprie radici in un tempo molto pi\u00f9 lontano.<\/p>\n\n\n\n<p class=\"wp-block-paragraph\">Anche l'emigrazione veneta ha conosciuto una significativa componente interna, sia nella forma stagionale e temporanea, sia in quella definitiva. Per secoli artigiani ambulanti, seggiolai, gelatieri, arrotini, lavoratori agricoli e altre categorie professionali hanno attraversato l'Italia seguendo i ritmi del lavoro e delle stagioni. Molte bellunesi, le giovanissime <strong><em>ci\u00f2de<\/em><\/strong>, raggiungevano il Trentino per i lavori agricoli stagionali. Venezia esercitava una forte attrazione per il lavoro domestico, alberghiero e commerciale, mentre, nel Novecento, il polo industriale di Mestre-Marghera richiam\u00f2 migliaia di lavoratori provenienti dall'intera regione.<\/p>\n\n\n\n<p class=\"wp-block-paragraph\">Tra le protagoniste di questa mobilit\u00e0 vi furono anche molte donne.<br>Domestiche, donne di servizio e soprattutto balie lasciavano i paesi del Bellunese per trasferirsi nelle grandi citt\u00e0 italiane. <br>Per molte di loro significava affrontare un doloroso distacco dalla famiglia e dalla comunit\u00e0 d'origine, ma anche trovare un'occasione di autonomia economica e di emancipazione personale, in ambienti urbani che offrivano nuove esperienze di vita, di lavoro e di crescita culturale.<\/p>\n\n\n\n<p class=\"wp-block-paragraph\">L'emigrazione interna assunse dimensioni ancora maggiori tra le due guerre mondiali.<br>Anche per effetto della politica autarchica del regime fascista, decine di migliaia di veneti si spostarono verso il Triangolo industriale Milano-Torino-Genova, dove le grandi industrie, in particolare quelle automobilistiche, richiedevano continuamente nuova manodopera.<\/p>\n\n\n\n<p class=\"wp-block-paragraph\">Questo flusso prosegu\u00ec anche nel secondo dopoguerra, fino agli anni Settanta del Novecento, quando il Veneto avvi\u00f2 il proprio straordinario sviluppo industriale.<br>In pochi decenni il fitto tessuto di piccole e medie imprese trasform\u00f2 radicalmente l'economia regionale, facendo del Veneto una delle aree pi\u00f9 dinamiche e innovative d'Europa. Da terra di emigrazione la regione divenne progressivamente terra d'immigrazione.<\/p>\n\n\n\n<p class=\"wp-block-paragraph\">Come ogni grande migrazione, anche quella interna fu accompagnata da situazioni di degrado e provvisoriet\u00e0, come testimonia la proliferazione, negli anni Cinquanta, delle cosiddette \u201ccoree\u201d: misere zone abitative della cintura milanese, senza servizi e infrastrutture viarie, che ospitarono soprattutto emigrati dal Sud Italia. Anche il cinema dedic\u00f2 pagine memorabili a questo fenomeno, da <em>Rocco e i suoi fratelli<\/em> (1960) di Luchino Visconti alla commedia <em>Napoletani a Milano <\/em>(1953) di Eduardo De Filippo.<br>N\u00e9 mancarono stereotipi, diffidenze e pregiudizi. I divari economici e sociali tra le diverse aree del Paese alimentarono spesso un'immagine semplificata dell'emigrante: il contadino veneto, cos\u00ec come il meridionale giunto nelle fabbriche del Nord, divennero talvolta oggetto di caricature e discriminazioni. Erano gli stessi meccanismi che, in forme diverse, avevano accompagnato l'emigrazione italiana all'estero. Col tempo, tuttavia, la diffusione dell'istruzione, l'uso generalizzato della lingua italiana, i mezzi di comunicazione di massa e, pi\u00f9 recentemente, la globalizzazione hanno ridotto o annullato distanze culturali e linguistiche che ancora nel secondo dopoguerra rendevano traumatico anche un semplice trasferimento da una regione all'altra.<\/p>\n\n\n\n<p class=\"wp-block-paragraph\"><strong>Esiste per\u00f2 una forma di emigrazione interna che occupa un posto del tutto particolare nella storia del Veneto: quella verso le terre di bonifica dell'Agro Pontino e della Sardegna.<\/strong><\/p>\n\n\n\n<p class=\"wp-block-paragraph\">Negli anni Venti il regime fascista avvi\u00f2 un vasto programma di <strong>bonifica integrale<\/strong> delle aree paludose italiane, con l'obiettivo di prosciugare i terreni malsani, combattere la malaria e trasformare vaste superfici improduttive in nuove campagne coltivabili. Era un progetto strettamente collegato alla cosiddetta \"battaglia del grano\", con cui il regime puntava ad accrescere l'autosufficienza agricola del Paese.<br>Alla bonifica segu\u00ec la <strong>colonizzazione<\/strong>. Non bastava rendere fertili quelle terre: occorreva popolarle. Nel 1931 venne istituito il <strong>Commissariato per le Migrazioni e la Colonizzazione Interna<\/strong>, incaricato di organizzare il trasferimento di migliaia di famiglie contadine nei nuovi poderi.<\/p>\n\n\n\n<p class=\"wp-block-paragraph\">Fu una migrazione profondamente diversa da tutte le altre. Non nacque spontaneamente, ma venne pianificata e diretta dallo Stato. Le famiglie furono selezionate, trasferite e insediate secondo un preciso progetto politico e territoriale.<\/p>\n\n\n\n<p class=\"wp-block-paragraph\">Per questa difficile impresa il regime scelse soprattutto famiglie provenienti dal Veneto. La motivazione non era casuale. I contadini veneti erano ritenuti particolarmente adatti alla colonizzazione agricola: abituati al lavoro dei campi, capaci di gestire autonomamente un podere, organizzati in nuclei familiari numerosi e fortemente coesi. Il Veneto rappresentava inoltre una delle regioni italiane con la maggiore pressione demografica rurale e disponeva quindi di un'ampia popolazione agricola disponibile al trasferimento.<\/p>\n\n\n\n<p class=\"wp-block-paragraph\">Tra il 1932 e il 1943 nell'Agro Pontino furono trasferite circa <strong>3.400 famiglie<\/strong>, per un totale di oltre <strong>34.000 persone<\/strong>. Il contributo veneto fu il pi\u00f9 importante in assoluto. Nacquero cos\u00ec nuove citt\u00e0 come Littoria (oggi Latina), Sabaudia, Pontinia, Aprilia e Pomezia.<br>L'impresa, esaltata dal regime anche attraverso opere celebrative e propagandistiche come il film <em>Sole <\/em>(1929) di Alessandro Blasetti, comport\u00f2 grandi sacrifici individuali e collettivi, per condizioni di lavoro estreme, spesso in stato di miseria, in una terra infestata dalla malaria, che colp\u00ec anche molti lavoratori e le loro famiglie, con un costo umano non ancora ben quantificato.<\/p>\n\n\n\n<p class=\"wp-block-paragraph\">Un'esperienza analoga, in proporzioni ridotte, interess\u00f2 anche la Sardegna, dove nel 1928 sorse <strong>Villaggio Mussolini<\/strong>, poi Mussolinia e infine Arborea. I primi centocinquanta coloni arrivarono dal Polesine, seguiti negli anni successivi da famiglie provenienti soprattutto dalle province di Treviso, Vicenza, Padova e Venezia. <br>Ancora oggi, in questo piccolo comune dell'Oristanese, accanto all'italiano e al sardo continuano a essere parlati i dialetti veneti.<\/p>\n\n\n\n<p class=\"wp-block-paragraph\">La scelta del regime di affidare ai veneti una parte cos\u00ec rilevante della colonizzazione interna racconta, al di l\u00e0 del contesto politico in cui matur\u00f2, una caratteristica riconosciuta da tempo a questa popolazione: la capacit\u00e0 di affrontare collettivamente le grandi sfide. \u00c8 lo stesso spirito comunitario che ha accompagnato la colonizzazione del Rio Grande do Sul in Brasile, le migrazioni stagionali dei mestieri itineranti spesso organizzati in vere e proprie \"compagnie\", i grandi cantieri alpini e tante altre pagine della storia dell'emigrazione veneta. <strong>Una storia che non si \u00e8 scritta soltanto oltre i confini nazionali, ma che ha contribuito anche a costruire un'altra Italia. <\/strong><\/p>\n","protected":false},"excerpt":{"rendered":"<p>Quando si parla di emigrazione italiana si pensa quasi sempre agli espatri. Eppure, accanto alle grandi partenze verso le Americhe, l&#8217;Europa o l&#8217;Australia, \u00e8 esistito e continua a esistere un altro imponente fenomeno migratorio: quello degli spostamenti all&#8217;interno dei confini nazionali.I dati dell&#8217;ISTAT consentono oggi di misurarne l&#8217;entit\u00e0.Tra il 2001 e il 2024 circa 7,8 [&hellip;]<\/p>\n","protected":false},"author":2,"featured_media":0,"comment_status":"open","ping_status":"open","sticky":false,"template":"","format":"standard","meta":{"footnotes":""},"categories":[10,15,5],"tags":[],"class_list":["post-885","post","type-post","status-publish","format-standard","hentry","category-approfondimenti-mev","category-stanza-3-partire","category-stanze"],"_links":{"self":[{"href":"https:\/\/www.mevapp.it\/index.php\/wp-json\/wp\/v2\/posts\/885","targetHints":{"allow":["GET"]}}],"collection":[{"href":"https:\/\/www.mevapp.it\/index.php\/wp-json\/wp\/v2\/posts"}],"about":[{"href":"https:\/\/www.mevapp.it\/index.php\/wp-json\/wp\/v2\/types\/post"}],"author":[{"embeddable":true,"href":"https:\/\/www.mevapp.it\/index.php\/wp-json\/wp\/v2\/users\/2"}],"replies":[{"embeddable":true,"href":"https:\/\/www.mevapp.it\/index.php\/wp-json\/wp\/v2\/comments?post=885"}],"version-history":[{"count":2,"href":"https:\/\/www.mevapp.it\/index.php\/wp-json\/wp\/v2\/posts\/885\/revisions"}],"predecessor-version":[{"id":100362,"href":"https:\/\/www.mevapp.it\/index.php\/wp-json\/wp\/v2\/posts\/885\/revisions\/100362"}],"wp:attachment":[{"href":"https:\/\/www.mevapp.it\/index.php\/wp-json\/wp\/v2\/media?parent=885"}],"wp:term":[{"taxonomy":"category","embeddable":true,"href":"https:\/\/www.mevapp.it\/index.php\/wp-json\/wp\/v2\/categories?post=885"},{"taxonomy":"post_tag","embeddable":true,"href":"https:\/\/www.mevapp.it\/index.php\/wp-json\/wp\/v2\/tags?post=885"}],"curies":[{"name":"wp","href":"https:\/\/api.w.org\/{rel}","templated":true}]}}